{"id":109038,"date":"2025-03-07T14:50:14","date_gmt":"2025-03-07T14:50:14","guid":{"rendered":"https:\/\/tvbrazilusa.com\/2025\/03\/07\/novo-estudo-relaciona-a-qualidade-do-esperma-a-uma-maior-expectativa-de-vida-veja-os-detalhes\/"},"modified":"2025-03-07T14:50:15","modified_gmt":"2025-03-07T14:50:15","slug":"novo-estudo-relaciona-a-qualidade-do-esperma-a-uma-maior-expectativa-de-vida-veja-os-detalhes","status":"publish","type":"post","link":"https:\/\/tvbrazilusa.com\/pt\/2025\/03\/07\/novo-estudo-relaciona-a-qualidade-do-esperma-a-uma-maior-expectativa-de-vida-veja-os-detalhes\/","title":{"rendered":"Novo estudo relaciona a qualidade do esperma a uma maior expectativa de vida; veja os detalhes"},"content":{"rendered":"<p> <script async src=\"https:\/\/pagead2.googlesyndication.com\/pagead\/js\/adsbygoogle.js?client=ca-pub-8864793242727901\"\r\n     crossorigin=\"anonymous\"><\/script><br \/>\n<br \/>Este \u00e9 o maior estudo a examinar a rela\u00e7\u00e3o entre a qualidade do s\u00eamen e a mortalidade<br \/>\n<br \/><br \/>\n<br \/><a href=\"https:\/\/diariodobrasilnoticias.com.br\/noticia\/novo-estudo-relaciona-a-qualidade-do-esperma-a-uma-maior-expectativa-de-vida-veja-os-detalhes-67cae37b7749b\">Source link <\/a><\/p>","protected":false},"excerpt":{"rendered":"<p>Este \u00e9 o maior estudo a examinar a rela\u00e7\u00e3o entre a qualidade do s\u00eamen e a mortalidade Source link<\/p>","protected":false},"author":1,"featured_media":109039,"comment_status":"closed","ping_status":"open","sticky":false,"template":"","format":"standard","meta":{"content-type":"","footnotes":""},"categories":[16],"tags":[123,2448,5313,1267],"class_list":["post-109038","post","type-post","status-publish","format-standard","has-post-thumbnail","hentry","category-noticias","tag-brasil","tag-diario","tag-noticia","tag-noticias"],"_links":{"self":[{"href":"https:\/\/tvbrazilusa.com\/pt\/wp-json\/wp\/v2\/posts\/109038","targetHints":{"allow":["GET"]}}],"collection":[{"href":"https:\/\/tvbrazilusa.com\/pt\/wp-json\/wp\/v2\/posts"}],"about":[{"href":"https:\/\/tvbrazilusa.com\/pt\/wp-json\/wp\/v2\/types\/post"}],"author":[{"embeddable":true,"href":"https:\/\/tvbrazilusa.com\/pt\/wp-json\/wp\/v2\/users\/1"}],"replies":[{"embeddable":true,"href":"https:\/\/tvbrazilusa.com\/pt\/wp-json\/wp\/v2\/comments?post=109038"}],"version-history":[{"count":1,"href":"https:\/\/tvbrazilusa.com\/pt\/wp-json\/wp\/v2\/posts\/109038\/revisions"}],"predecessor-version":[{"id":109040,"href":"https:\/\/tvbrazilusa.com\/pt\/wp-json\/wp\/v2\/posts\/109038\/revisions\/109040"}],"wp:featuredmedia":[{"embeddable":true,"href":"https:\/\/tvbrazilusa.com\/pt\/wp-json\/wp\/v2\/media\/109039"}],"wp:attachment":[{"href":"https:\/\/tvbrazilusa.com\/pt\/wp-json\/wp\/v2\/media?parent=109038"}],"wp:term":[{"taxonomy":"category","embeddable":true,"href":"https:\/\/tvbrazilusa.com\/pt\/wp-json\/wp\/v2\/categories?post=109038"},{"taxonomy":"post_tag","embeddable":true,"href":"https:\/\/tvbrazilusa.com\/pt\/wp-json\/wp\/v2\/tags?post=109038"}],"curies":[{"name":"wp","href":"https:\/\/api.w.org\/{rel}","templated":true}]}}