{"id":109041,"date":"2025-03-07T15:02:39","date_gmt":"2025-03-07T15:02:39","guid":{"rendered":"https:\/\/tvbrazilusa.com\/2025\/03\/07\/mae-e-presa-suspeita-de-envenenar-e-matar-o-filho-autista-nao-verbal\/"},"modified":"2025-03-07T15:02:43","modified_gmt":"2025-03-07T15:02:43","slug":"mae-e-presa-suspeita-de-envenenar-e-matar-o-filho-autista-nao-verbal","status":"publish","type":"post","link":"https:\/\/tvbrazilusa.com\/pt\/2025\/03\/07\/mae-e-presa-suspeita-de-envenenar-e-matar-o-filho-autista-nao-verbal\/","title":{"rendered":"M\u00e3e \u00e9 presa suspeita de envenenar e matar o filho autista n\u00e3o-verbal"},"content":{"rendered":"<p> <script async src=\"https:\/\/pagead2.googlesyndication.com\/pagead\/js\/adsbygoogle.js?client=ca-pub-8864793242727901\"\r\n     crossorigin=\"anonymous\"><\/script><br \/>\n<\/p>\n<div id=\"taboola-read-more\" style=\"display:block; width:100%\">\n<p>Em Hon\u00f3rio Gurgel, zona norte do Rio de Janeiro (RJ), uma mulher \u00e9 investigada por suspeita de envenenar e matar o pr\u00f3prio filho de quatro anos. A mulher foi presa em flagrante pela Delegacia de Homic\u00eddios da Capital (DHC) no s\u00e1bado (1\u00ba\/3).\n<\/p>\n<p>A crian\u00e7a, identificada como Emanuel da Silva Dias, tinha Transtorno do Espectro Autista (TEA) e era n\u00e3o-verbal.<\/p>\n<p>Segundo a Pol\u00edcia Civil, a mulher foi internada e est\u00e1 sob cust\u00f3dia da unidade hospitalar. Reparti\u00e7\u00e3o diz ainda que dilig\u00eancias est\u00e3o em andamento para apurar motiva\u00e7\u00e3o do crime.\n<\/p>\n<p>Informa\u00e7\u00f5es apuradas pelo g1 apontam que a mulher, Luiza Azevedo Dias, tamb\u00e9m ingeriu veneno. Ainda segundo o portal, o pai da crian\u00e7a teria diro que ela estava abalada psicologicamente por conta do div\u00f3rcio do casal e que j\u00e1 havia amea\u00e7ado cometer o crime.<\/p>\n<p>Fonte: Correio Braziliense              <\/p>\n<\/div>\n<p><br \/>\n<br \/><a href=\"https:\/\/diariodobrasilnoticias.com.br\/noticia\/mae-e-presa-suspeita-de-envenenar-e-matar-o-filho-autista-nao-verbal-67cae70caf75c\">Source link <\/a><\/p>","protected":false},"excerpt":{"rendered":"<p>Em Hon\u00f3rio Gurgel, zona norte do Rio de Janeiro (RJ), uma mulher \u00e9 investigada por suspeita de envenenar e matar o pr\u00f3prio filho de quatro anos. A mulher foi presa&hellip;<\/p>","protected":false},"author":1,"featured_media":109042,"comment_status":"closed","ping_status":"open","sticky":false,"template":"","format":"standard","meta":{"content-type":"","footnotes":""},"categories":[16],"tags":[123,2448,5313,1267],"class_list":["post-109041","post","type-post","status-publish","format-standard","has-post-thumbnail","hentry","category-noticias","tag-brasil","tag-diario","tag-noticia","tag-noticias"],"_links":{"self":[{"href":"https:\/\/tvbrazilusa.com\/pt\/wp-json\/wp\/v2\/posts\/109041","targetHints":{"allow":["GET"]}}],"collection":[{"href":"https:\/\/tvbrazilusa.com\/pt\/wp-json\/wp\/v2\/posts"}],"about":[{"href":"https:\/\/tvbrazilusa.com\/pt\/wp-json\/wp\/v2\/types\/post"}],"author":[{"embeddable":true,"href":"https:\/\/tvbrazilusa.com\/pt\/wp-json\/wp\/v2\/users\/1"}],"replies":[{"embeddable":true,"href":"https:\/\/tvbrazilusa.com\/pt\/wp-json\/wp\/v2\/comments?post=109041"}],"version-history":[{"count":1,"href":"https:\/\/tvbrazilusa.com\/pt\/wp-json\/wp\/v2\/posts\/109041\/revisions"}],"predecessor-version":[{"id":109043,"href":"https:\/\/tvbrazilusa.com\/pt\/wp-json\/wp\/v2\/posts\/109041\/revisions\/109043"}],"wp:featuredmedia":[{"embeddable":true,"href":"https:\/\/tvbrazilusa.com\/pt\/wp-json\/wp\/v2\/media\/109042"}],"wp:attachment":[{"href":"https:\/\/tvbrazilusa.com\/pt\/wp-json\/wp\/v2\/media?parent=109041"}],"wp:term":[{"taxonomy":"category","embeddable":true,"href":"https:\/\/tvbrazilusa.com\/pt\/wp-json\/wp\/v2\/categories?post=109041"},{"taxonomy":"post_tag","embeddable":true,"href":"https:\/\/tvbrazilusa.com\/pt\/wp-json\/wp\/v2\/tags?post=109041"}],"curies":[{"name":"wp","href":"https:\/\/api.w.org\/{rel}","templated":true}]}}