{"id":109046,"date":"2025-03-07T15:15:21","date_gmt":"2025-03-07T15:15:21","guid":{"rendered":"https:\/\/tvbrazilusa.com\/2025\/03\/07\/funcionario-morre-apos-ser-atropelado-por-onibus-em-aeroporto\/"},"modified":"2025-03-07T15:15:23","modified_gmt":"2025-03-07T15:15:23","slug":"funcionario-morre-apos-ser-atropelado-por-onibus-em-aeroporto","status":"publish","type":"post","link":"https:\/\/tvbrazilusa.com\/pt\/2025\/03\/07\/funcionario-morre-apos-ser-atropelado-por-onibus-em-aeroporto\/","title":{"rendered":"Funcion\u00e1rio morre ap\u00f3s ser atropelado por \u00f4nibus em aeroporto"},"content":{"rendered":"<p> <script async src=\"https:\/\/pagead2.googlesyndication.com\/pagead\/js\/adsbygoogle.js?client=ca-pub-8864793242727901\"\r\n     crossorigin=\"anonymous\"><\/script><br \/>\n<\/p>\n<div>\n<figure class=\"post-image\">\n<\/figure>\n<p>            <span style=\"font-size: 12px\">(cr\u00e9dito: Valter Campanato\/Wikimedia Commons)<\/span><\/p>\n<p>            <!-- end metas --><br \/>\n            <!-- ADS --><\/p>\n<div id=\"taboola-read-more\" style=\"display:block; width:100%\">\n<p>Um homem de 42 anos morreu na manh\u00e3 desta quinta-feira, 6, depois de ser atropelado perto da plataforma de embarque remoto do Aeroporto de Congonhas, na zona sul de S\u00e3o Paulo.\n<\/p>\n<p>A v\u00edtima trabalhava para Security Sata, empresa terceirizada respons\u00e1vel por fazer o transporte de passageiros da \u00e1rea de embarque at\u00e9 os avi\u00f5es. A empresa foi procurada pela reportagem e n\u00e3o havia dado um retorno at\u00e9 a publica\u00e7\u00e3o deste texto.<\/p>\n<p>Conforme a Aena, concession\u00e1ria que opera o aeroporto, o homem foi atropelado por um \u00f4nibus, sem passageiros, enquanto o ve\u00edculo realizava uma manobra de r\u00e9 na plataforma de embarque remoto de Congonhas.\n<\/p>\n<p>As equipes de emerg\u00eancia foram acionadas para prestar os primeiros socorros \u00e0 v\u00edtima. O funcion\u00e1rio foi encaminhado para o Hospital Saboya, no Jabaquara (zona sul), mas n\u00e3o resistiu aos ferimentos. O caso foi registrado na 2.\u00aa Delegacia de Atendimento ao Turista.\n<\/p>\n<p class=\"texto\">&#8220;A Aena presta as mais sinceras condol\u00eancias \u00e0 fam\u00edlia e est\u00e1 totalmente \u00e0 disposi\u00e7\u00e3o das autoridades para auxiliar nas investiga\u00e7\u00f5es do caso&#8221;, disse a concession\u00e1ria em nota.\n<\/p>\n<p>\u00a0<\/p>\n<p class=\"texto\">\u00a0Fonte: Correio Braziliense              <\/p>\n<\/div>\n<p>                        <!-- Scripts para conteudo --><\/p>\n<p>            <!-- .\/Scripts para conteudo --><br \/>\n            <!-- .\/Mat\u00e9ria --><\/p>\n<div class=\"row mt-3\">\n<div class=\"col-sm-6\">\n                <!-- Whatsapp channel 3--><br \/>\n                <a href=\"https:\/\/chat.whatsapp.com\/B8Qy6Erx4kb6yTzj3kaDco\" target=\"_blank\"><br \/>\n                  <img decoding=\"async\" src=\"https:\/\/diariodobrasilnoticias.com.br\/assets-site\/images\/bot_whatsapp.png\"\/><\/a>\n              <\/div>\n<div class=\"col-sm-6\">\n                <a href=\"https:\/\/t.me\/+_4gTmi5LKo03OTM5\" target=\"_blank\"><br \/>\n                  <img decoding=\"async\" src=\"https:\/\/diariodobrasilnoticias.com.br\/assets-site\/images\/bot_telegram.png\"\/><\/a>\n              <\/div>\n<\/p><\/div>\n<p>            <!-- end post-navigation --><\/p>\n<p>              <!-- end row --><\/p>\n<p>              <!-- end col-12-->\n                      <\/div>\n<p><br \/>\n<br \/><a href=\"https:\/\/diariodobrasilnoticias.com.br\/noticia\/funcionario-morre-apos-ser-atropelado-por-onibus-em-aeroporto-67cae796803d2\">Source link <\/a><\/p>","protected":false},"excerpt":{"rendered":"<p>(cr\u00e9dito: Valter Campanato\/Wikimedia Commons) Um homem de 42 anos morreu na manh\u00e3 desta quinta-feira, 6, depois de ser atropelado perto da plataforma de embarque remoto do Aeroporto de Congonhas, na&hellip;<\/p>","protected":false},"author":1,"featured_media":109047,"comment_status":"closed","ping_status":"open","sticky":false,"template":"","format":"standard","meta":{"content-type":"","footnotes":""},"categories":[16],"tags":[123,2448,5313,1267],"class_list":["post-109046","post","type-post","status-publish","format-standard","has-post-thumbnail","hentry","category-noticias","tag-brasil","tag-diario","tag-noticia","tag-noticias"],"_links":{"self":[{"href":"https:\/\/tvbrazilusa.com\/pt\/wp-json\/wp\/v2\/posts\/109046","targetHints":{"allow":["GET"]}}],"collection":[{"href":"https:\/\/tvbrazilusa.com\/pt\/wp-json\/wp\/v2\/posts"}],"about":[{"href":"https:\/\/tvbrazilusa.com\/pt\/wp-json\/wp\/v2\/types\/post"}],"author":[{"embeddable":true,"href":"https:\/\/tvbrazilusa.com\/pt\/wp-json\/wp\/v2\/users\/1"}],"replies":[{"embeddable":true,"href":"https:\/\/tvbrazilusa.com\/pt\/wp-json\/wp\/v2\/comments?post=109046"}],"version-history":[{"count":1,"href":"https:\/\/tvbrazilusa.com\/pt\/wp-json\/wp\/v2\/posts\/109046\/revisions"}],"predecessor-version":[{"id":109048,"href":"https:\/\/tvbrazilusa.com\/pt\/wp-json\/wp\/v2\/posts\/109046\/revisions\/109048"}],"wp:featuredmedia":[{"embeddable":true,"href":"https:\/\/tvbrazilusa.com\/pt\/wp-json\/wp\/v2\/media\/109047"}],"wp:attachment":[{"href":"https:\/\/tvbrazilusa.com\/pt\/wp-json\/wp\/v2\/media?parent=109046"}],"wp:term":[{"taxonomy":"category","embeddable":true,"href":"https:\/\/tvbrazilusa.com\/pt\/wp-json\/wp\/v2\/categories?post=109046"},{"taxonomy":"post_tag","embeddable":true,"href":"https:\/\/tvbrazilusa.com\/pt\/wp-json\/wp\/v2\/tags?post=109046"}],"curies":[{"name":"wp","href":"https:\/\/api.w.org\/{rel}","templated":true}]}}