{"id":109055,"date":"2025-03-07T15:42:15","date_gmt":"2025-03-07T15:42:15","guid":{"rendered":"https:\/\/tvbrazilusa.com\/2025\/03\/07\/oposicao-propoe-mocao-de-repudio-contra-lindbergh-por-uso-excessivo-de-requerimentos-envolvendo-michelle-bolsonaro\/"},"modified":"2025-03-07T15:42:17","modified_gmt":"2025-03-07T15:42:17","slug":"oposicao-propoe-mocao-de-repudio-contra-lindbergh-por-uso-excessivo-de-requerimentos-envolvendo-michelle-bolsonaro","status":"publish","type":"post","link":"https:\/\/tvbrazilusa.com\/pt\/2025\/03\/07\/oposicao-propoe-mocao-de-repudio-contra-lindbergh-por-uso-excessivo-de-requerimentos-envolvendo-michelle-bolsonaro\/","title":{"rendered":"Oposi\u00e7\u00e3o prop\u00f5e mo\u00e7\u00e3o de rep\u00fadio contra Lindbergh por uso excessivo de requerimentos envolvendo Michelle Bolsonaro."},"content":{"rendered":"<p> <script async src=\"https:\/\/pagead2.googlesyndication.com\/pagead\/js\/adsbygoogle.js?client=ca-pub-8864793242727901\"\r\n     crossorigin=\"anonymous\"><\/script><br \/>\n<\/p>\n<div id=\"taboola-read-more\" style=\"display:block; width:100%\">\n<p>O l\u00edder da oposi\u00e7\u00e3o na C\u00e2mara, deputado federal Zucco (PL-RS), apresentou uma mo\u00e7\u00e3o de rep\u00fadio contra o deputado Lindbergh Farias (PT-RJ), l\u00edder do governo na Casa. A medida critica as investidas do petista contra a ex-primeira-dama Michelle Bolsonaro, classificando-as como uma tentativa de \u201cvingan\u00e7a\u201d e \u201cabuso de autoridade\u201d. O documento \u00e9 endossado pelos vice-l\u00edderes da oposi\u00e7\u00e3o.\n<\/p>\n<p>Segundo Zucco (PL-RS), Lindbergh estaria utilizando requerimentos de forma \u201cabusiva\u201d para atingir Michelle Bolsonaro, em resposta a pedidos de investiga\u00e7\u00e3o da oposi\u00e7\u00e3o envolvendo a atual primeira-dama, Ros\u00e2ngela Lula da Silva, a Janja. O parlamentar da oposi\u00e7\u00e3o menciona uma declara\u00e7\u00e3o de Lindbergh nas redes sociais como uma revela\u00e7\u00e3o clara das suas inten\u00e7\u00f5es de vingan\u00e7a e de covarde persegui\u00e7\u00e3o, na qual o petista teria afirmado que, para cada requerimento protocolado contra Janja, apresentaria dois contra Michelle.<\/p>\n<p>\u201cA estrat\u00e9gia \u00e9 clara: criar uma cortina de fuma\u00e7a para esconder os problemas do governo e desviar a aten\u00e7\u00e3o da popula\u00e7\u00e3o\u201d, afirmou Zucco (PL-RS) no documento. Ele argumenta que os pedidos apresentados pelo l\u00edder governista n\u00e3o possuem base concreta e se referem a fatos j\u00e1 investigados no passado, sem ind\u00edcios de irregularidade.\n<\/p>\n<p>A mo\u00e7\u00e3o destaca ainda que o uso de instrumentos legislativos para \u201cpersegui\u00e7\u00f5es pol\u00edticas\u201d \u00e9 uma pr\u00e1tica que compromete a democracia e o Estado de Direito. Zucco compara a conduta de Lindbergh com o fen\u00f4meno da \u201cweaponization\u201d observado nos Estados Unidos, onde mecanismos legais s\u00e3o utilizados para fins de intimida\u00e7\u00e3o pol\u00edtica.\n<\/p>\n<p>O documento tamb\u00e9m faz cr\u00edticas ao governo do presidente Lula, mencionando problemas econ\u00f4micos, como a alta da infla\u00e7\u00e3o e dos combust\u00edveis, al\u00e9m de esc\u00e2ndalos de corrup\u00e7\u00e3o. Para o l\u00edder da oposi\u00e7\u00e3o, o foco do governo deveria estar na resolu\u00e7\u00e3o desses desafios e n\u00e3o em \u201cfabricar narrativas para encobrir seus fracassos\u201d.\n<\/p>\n<p>Janja na mira do MPF<br \/>Na \u00faltima quarta-feira, 6, a oposi\u00e7\u00e3o protocolou um requerimento no Tribunal de Contas da Uni\u00e3o (TCU), onde cobra provid\u00eancias sobre um contrato sem licita\u00e7\u00e3o no valor de R$ 478 milh\u00f5es, firmado entre o governo federal e a Organiza\u00e7\u00e3o dos Estados Ibero-Americanos (OIE). A entidade tamb\u00e9m recebeu, a t\u00edtulo de doa\u00e7\u00e3o, outros R$ 98 milh\u00f5es. Parte desses recursos foi retirada de programas nacionais, incluindo educa\u00e7\u00e3o b\u00e1sica e escolas em tempo integral.\n<\/p>\n<p>No ano passado, empresas estatais brasileiras desembolsaram at\u00e9 R$ 83,45 milh\u00f5es para financiar a c\u00fapula do G20 e o festival Alian\u00e7a Global contra a Fome e a Pobreza, apelidado de \u201cJanjapalooza\u201d. Os aportes foram viabilizados por meio de um acordo com a OEI, respons\u00e1vel pela organiza\u00e7\u00e3o dos eventos. A oposi\u00e7\u00e3o apresentou o Pacote Anti-Janja, uma s\u00e9rie de requerimentos de informa\u00e7\u00f5es para cobrar transpar\u00eancia e apurar poss\u00edveis irregularidades no uso da m\u00e1quina p\u00fablica em favor da primeira-dama.\n<\/p>\n<p>J\u00e1 o Minist\u00e9rio P\u00fablico Federal abriu inqu\u00e9rito civil para investigar a caixa-preta criada por Lula no Pal\u00e1cio do Planalto, com a decreta\u00e7\u00e3o de sigilos de 100 anos. A investiga\u00e7\u00e3o, aberta na Procuradoria da Rep\u00fablica no Distrito Federal, apura \u201csupostas irregularidades ocorridas na Presid\u00eancia da Rep\u00fablica\u201d e mira alguns casos concretos em que o Pal\u00e1cio do Planalto sonegou informa\u00e7\u00f5es que deveriam ser divulgadas, de acordo com as regras de transpar\u00eancia p\u00fablica.\n<\/p>\n<p>Os investigadores querem apurar os motivos que levaram o governo Lula a esconder informa\u00e7\u00f5es sobre a quantidade de assessores que auxiliam a primeira-dama Janja.<\/p>\n<p>Fonte: Partido Liberal              <\/p>\n<\/div>\n<p><br \/>\n<br \/><a href=\"https:\/\/diariodobrasilnoticias.com.br\/noticia\/oposicao-propoe-mocao-de-repudio-contra-lindbergh-por-uso-excessivo-de-requerimentos-envolvendo-michelle-bolsonaro-67cb0fead854f\">Source link <\/a><\/p>","protected":false},"excerpt":{"rendered":"<p>O l\u00edder da oposi\u00e7\u00e3o na C\u00e2mara, deputado federal Zucco (PL-RS), apresentou uma mo\u00e7\u00e3o de rep\u00fadio contra o deputado Lindbergh Farias (PT-RJ), l\u00edder do governo na Casa. A medida critica as&hellip;<\/p>","protected":false},"author":1,"featured_media":109056,"comment_status":"closed","ping_status":"open","sticky":false,"template":"","format":"standard","meta":{"content-type":"","footnotes":""},"categories":[16],"tags":[123,2448,5313,1267],"class_list":["post-109055","post","type-post","status-publish","format-standard","has-post-thumbnail","hentry","category-noticias","tag-brasil","tag-diario","tag-noticia","tag-noticias"],"_links":{"self":[{"href":"https:\/\/tvbrazilusa.com\/pt\/wp-json\/wp\/v2\/posts\/109055","targetHints":{"allow":["GET"]}}],"collection":[{"href":"https:\/\/tvbrazilusa.com\/pt\/wp-json\/wp\/v2\/posts"}],"about":[{"href":"https:\/\/tvbrazilusa.com\/pt\/wp-json\/wp\/v2\/types\/post"}],"author":[{"embeddable":true,"href":"https:\/\/tvbrazilusa.com\/pt\/wp-json\/wp\/v2\/users\/1"}],"replies":[{"embeddable":true,"href":"https:\/\/tvbrazilusa.com\/pt\/wp-json\/wp\/v2\/comments?post=109055"}],"version-history":[{"count":1,"href":"https:\/\/tvbrazilusa.com\/pt\/wp-json\/wp\/v2\/posts\/109055\/revisions"}],"predecessor-version":[{"id":109057,"href":"https:\/\/tvbrazilusa.com\/pt\/wp-json\/wp\/v2\/posts\/109055\/revisions\/109057"}],"wp:featuredmedia":[{"embeddable":true,"href":"https:\/\/tvbrazilusa.com\/pt\/wp-json\/wp\/v2\/media\/109056"}],"wp:attachment":[{"href":"https:\/\/tvbrazilusa.com\/pt\/wp-json\/wp\/v2\/media?parent=109055"}],"wp:term":[{"taxonomy":"category","embeddable":true,"href":"https:\/\/tvbrazilusa.com\/pt\/wp-json\/wp\/v2\/categories?post=109055"},{"taxonomy":"post_tag","embeddable":true,"href":"https:\/\/tvbrazilusa.com\/pt\/wp-json\/wp\/v2\/tags?post=109055"}],"curies":[{"name":"wp","href":"https:\/\/api.w.org\/{rel}","templated":true}]}}