{"id":109058,"date":"2025-03-07T16:00:19","date_gmt":"2025-03-07T16:00:19","guid":{"rendered":"https:\/\/tvbrazilusa.com\/2025\/03\/07\/sob-pressao-da-inflacao-e-afastado-do-setor-agricola-lula-comete-erros-consecutivos-ao-lidar-com-o-agro-acumulando-criticas\/"},"modified":"2025-03-07T16:00:21","modified_gmt":"2025-03-07T16:00:21","slug":"sob-pressao-da-inflacao-e-afastado-do-setor-agricola-lula-comete-erros-consecutivos-ao-lidar-com-o-agro-acumulando-criticas","status":"publish","type":"post","link":"https:\/\/tvbrazilusa.com\/pt\/2025\/03\/07\/sob-pressao-da-inflacao-e-afastado-do-setor-agricola-lula-comete-erros-consecutivos-ao-lidar-com-o-agro-acumulando-criticas\/","title":{"rendered":"Sob press\u00e3o da infla\u00e7\u00e3o e afastado do setor agr\u00edcola, Lula comete erros consecutivos ao lidar com o agro, acumulando cr\u00edticas"},"content":{"rendered":"<p> <script async src=\"https:\/\/pagead2.googlesyndication.com\/pagead\/js\/adsbygoogle.js?client=ca-pub-8864793242727901\"\r\n     crossorigin=\"anonymous\"><\/script><br \/>\n<\/p>\n<div id=\"taboola-read-more\" style=\"display:block; width:100%\">\n<p>Preocupado com a queda da popularidade, atribu\u00edda em parte \u00e0 infla\u00e7\u00e3o dos alimentos, o governo de Luiz In\u00e1cio Lula da Silva (PT) vem cometendo uma s\u00e9rie &#8220;barbeiragens&#8221; no trato com o agroneg\u00f3cio. A rec\u00e9m-anunciada isen\u00e7\u00e3o da tarifa de importa\u00e7\u00e3o de alguns alimentos \u00e9 mais uma atitude criticada pelo setor.\n<\/p>\n<p>O presidente tem atritos com agropecuaristas desde o in\u00edcio do mandato, e a rela\u00e7\u00e3o piorou neste ano. Medidas divulgadas ou cogitadas pelo governo, bem como recuos ap\u00f3s press\u00f5es de produtores e parlamentares de oposi\u00e7\u00e3o, revelam desorganiza\u00e7\u00e3o, improviso e desconhecimento das necessidades do campo.<\/p>\n<p>No m\u00eas passado, o presidente chegou a dizer que era preciso entender por que o pre\u00e7o da carne subiu tanto nos \u00faltimos meses. J\u00e1 era p\u00fablico, no entanto, que o mesmo ciclo pecu\u00e1rio que baixou o pre\u00e7o da carne em 2023 \u2013 o que foi festejado pelo governo \u2013 entrou na fase de decl\u00ednio de oferta nos \u00faltimos meses de 2024, com impulso extra da boa rentabilidade das exporta\u00e7\u00f5es.\n<\/p>\n<p>A maioria das iniciativas do Executivo tem como objetivo baixar o pre\u00e7o da comida. Por\u00e9m, h\u00e1 raz\u00f5es para acreditar que as ideias externadas pelo governo nas \u00faltimas semanas tendem a ser in\u00f3cuas ou terem efeito apenas no curto prazo, em alguns casos com chance de &#8220;rebote&#8221; inflacion\u00e1rio mais adiante.\n<\/p>\n<p>Bancada agropecu\u00e1ria critica redu\u00e7\u00e3o da tarifa de importa\u00e7\u00e3o de alimentos<br \/>Representante do agroneg\u00f3cio no Congresso, a Frente Parlamentar da Agropecu\u00e1ria (FPA) criticou a redu\u00e7\u00e3o a zero da al\u00edquota de importa\u00e7\u00e3o de alguns alimentos, que o governo Lula anunciou nesta quinta-feira (6).\n<\/p>\n<p>&#8220;O problema da infla\u00e7\u00e3o n\u00e3o \u00e9 a oferta de alimentos. O governo federal tenta criar a narrativa de buscar solu\u00e7\u00f5es, quando o problema est\u00e1 concentrado no seu pr\u00f3prio desequil\u00edbrio fiscal, respons\u00e1vel por onerar os custos e por alavancar a infla\u00e7\u00e3o&#8221;, disse a FPA, em nota.\n<\/p>\n<p>Segundo a frente parlamentar, &#8220;as medidas apresentadas pelo governo federal s\u00e3o pontuais e ineficazes para efeito imediato, especialmente quando se gasta recurso interno ao zerar impostos para produtos importados, sem garantir o refor\u00e7o ao apoio da produ\u00e7\u00e3o brasileira&#8221;.\n<\/p>\n<p>Fonte: Gazeta Brasil              <\/p>\n<\/div>\n<p><br \/>\n<br \/><a href=\"https:\/\/diariodobrasilnoticias.com.br\/noticia\/sob-pressao-da-inflacao-e-afastado-do-setor-agricola-lula-comete-erros-consecutivos-ao-lidar-com-o-agro-acumulando-criticas-67caf731118dc\">Source link <\/a><\/p>","protected":false},"excerpt":{"rendered":"<p>Preocupado com a queda da popularidade, atribu\u00edda em parte \u00e0 infla\u00e7\u00e3o dos alimentos, o governo de Luiz In\u00e1cio Lula da Silva (PT) vem cometendo uma s\u00e9rie &#8220;barbeiragens&#8221; no trato com&hellip;<\/p>","protected":false},"author":1,"featured_media":109059,"comment_status":"closed","ping_status":"open","sticky":false,"template":"","format":"standard","meta":{"content-type":"","footnotes":""},"categories":[16],"tags":[123,2448,5313,1267],"class_list":["post-109058","post","type-post","status-publish","format-standard","has-post-thumbnail","hentry","category-noticias","tag-brasil","tag-diario","tag-noticia","tag-noticias"],"_links":{"self":[{"href":"https:\/\/tvbrazilusa.com\/pt\/wp-json\/wp\/v2\/posts\/109058","targetHints":{"allow":["GET"]}}],"collection":[{"href":"https:\/\/tvbrazilusa.com\/pt\/wp-json\/wp\/v2\/posts"}],"about":[{"href":"https:\/\/tvbrazilusa.com\/pt\/wp-json\/wp\/v2\/types\/post"}],"author":[{"embeddable":true,"href":"https:\/\/tvbrazilusa.com\/pt\/wp-json\/wp\/v2\/users\/1"}],"replies":[{"embeddable":true,"href":"https:\/\/tvbrazilusa.com\/pt\/wp-json\/wp\/v2\/comments?post=109058"}],"version-history":[{"count":1,"href":"https:\/\/tvbrazilusa.com\/pt\/wp-json\/wp\/v2\/posts\/109058\/revisions"}],"predecessor-version":[{"id":109060,"href":"https:\/\/tvbrazilusa.com\/pt\/wp-json\/wp\/v2\/posts\/109058\/revisions\/109060"}],"wp:featuredmedia":[{"embeddable":true,"href":"https:\/\/tvbrazilusa.com\/pt\/wp-json\/wp\/v2\/media\/109059"}],"wp:attachment":[{"href":"https:\/\/tvbrazilusa.com\/pt\/wp-json\/wp\/v2\/media?parent=109058"}],"wp:term":[{"taxonomy":"category","embeddable":true,"href":"https:\/\/tvbrazilusa.com\/pt\/wp-json\/wp\/v2\/categories?post=109058"},{"taxonomy":"post_tag","embeddable":true,"href":"https:\/\/tvbrazilusa.com\/pt\/wp-json\/wp\/v2\/tags?post=109058"}],"curies":[{"name":"wp","href":"https:\/\/api.w.org\/{rel}","templated":true}]}}