{"id":109067,"date":"2025-03-07T16:26:21","date_gmt":"2025-03-07T16:26:21","guid":{"rendered":"https:\/\/tvbrazilusa.com\/2025\/03\/07\/suplente-de-vereador-e-preso-apos-disparar-contra-mulher-em-motel\/"},"modified":"2025-03-07T16:26:23","modified_gmt":"2025-03-07T16:26:23","slug":"suplente-de-vereador-e-preso-apos-disparar-contra-mulher-em-motel","status":"publish","type":"post","link":"https:\/\/tvbrazilusa.com\/pt\/2025\/03\/07\/suplente-de-vereador-e-preso-apos-disparar-contra-mulher-em-motel\/","title":{"rendered":"Suplente de vereador \u00e9 preso ap\u00f3s disparar contra mulher em motel"},"content":{"rendered":"<p> <script async src=\"https:\/\/pagead2.googlesyndication.com\/pagead\/js\/adsbygoogle.js?client=ca-pub-8864793242727901\"\r\n     crossorigin=\"anonymous\"><\/script><br \/>\n<\/p>\n<div>\n<figure class=\"post-image\">\n<\/figure>\n<p>            <span style=\"font-size: 12px\">Quarto de motel &#8211; Cr\u00e9ditos: depositphotos.com \/ IgorVetushko<\/span><\/p>\n<p>            <!-- end metas --><br \/>\n            <!-- ADS --><\/p>\n<div id=\"taboola-read-more\" style=\"display:block; width:100%\">\n<p>Na madrugada de quinta-feira, 6 de mar\u00e7o, um evento chocante ocorreu em Tupanatinga, Pernambuco, envolvendo o suplente de vereador Luciano Lol\u00f4. Imagens de c\u00e2meras de seguran\u00e7a capturaram o momento em que Luciano, de 59 anos, disparou contra uma jovem de 23 anos na garagem de um motel localizado \u00e0s margens da BR-424. A situa\u00e7\u00e3o rapidamente chamou a aten\u00e7\u00e3o das autoridades locais e da m\u00eddia.\n<\/p>\n<p>O incidente foi atendido por agentes do 9\u00ba Batalh\u00e3o de Pol\u00edcia Militar (BPM) ap\u00f3s funcion\u00e1rios do motel relatarem ter ouvido disparos de arma de fogo. Ao chegarem ao local, os policiais encontraram a jovem ferida no ch\u00e3o, na \u00e1rea externa dos quartos. Ela foi prontamente socorrida pelo Servi\u00e7o de Atendimento M\u00f3vel de Urg\u00eancia (SAMU) e levada ao Hospital Dom Moura para tratamento.<\/p>\n<p>Quem \u00e9 Luciano Lol\u00f4?<br \/>Luciano de Souza Cavalcanti, conhecido como Luciano Lol\u00f4, \u00e9 um agr\u00f4nomo e pol\u00edtico com uma carreira marcada por v\u00e1rias candidaturas. Em 2024, ele se tornou suplente de vereador em Tupanatinga pelo partido Progressistas (PP). Anteriormente, ele havia sido eleito vereador em 2004 pelo Partido Liberal (PL) e tamb\u00e9m concorreu nas elei\u00e7\u00f5es de 2008 e 2012 pelo Partido Democr\u00e1tico Trabalhista (PDT).\n<\/p>\n<p>Como a pol\u00edcia atuou no caso?<br \/>Ap\u00f3s o relato dos disparos, a pol\u00edcia agiu rapidamente para controlar a situa\u00e7\u00e3o. Luciano Lol\u00f4 foi localizado e rendido dentro de uma su\u00edte do motel. Al\u00e9m disso, duas mulheres que testemunharam o crime foram levadas \u00e0 Delegacia de Garanhuns para prestar depoimento. A investiga\u00e7\u00e3o est\u00e1 em andamento, e a pol\u00edcia trabalha para esclarecer os motivos por tr\u00e1s do ataque.<\/p>\n<p>Fonte: O antagonista              <\/p>\n<\/div>\n<p>                        <!-- Scripts para conteudo --><\/p>\n<p>            <!-- .\/Scripts para conteudo --><br \/>\n            <!-- .\/Mat\u00e9ria --><\/p>\n<div class=\"row mt-3\">\n<div class=\"col-sm-6\">\n                <!-- Whatsapp channel 3--><br \/>\n                <a href=\"https:\/\/chat.whatsapp.com\/B8Qy6Erx4kb6yTzj3kaDco\" target=\"_blank\"><br \/>\n                  <img decoding=\"async\" src=\"https:\/\/diariodobrasilnoticias.com.br\/assets-site\/images\/bot_whatsapp.png\"\/><\/a>\n              <\/div>\n<div class=\"col-sm-6\">\n                <a href=\"https:\/\/t.me\/+_4gTmi5LKo03OTM5\" target=\"_blank\"><br \/>\n                  <img decoding=\"async\" src=\"https:\/\/diariodobrasilnoticias.com.br\/assets-site\/images\/bot_telegram.png\"\/><\/a>\n              <\/div>\n<\/p><\/div>\n<p>            <!-- end post-navigation --><\/p>\n<p>              <!-- end row --><\/p>\n<p>              <!-- end col-12-->\n                      <\/div>\n<p><br \/>\n<br \/><a href=\"https:\/\/diariodobrasilnoticias.com.br\/noticia\/suplente-de-vereador-e-preso-apos-disparar-contra-mulher-em-motel-67cafef4abb3d\">Source link <\/a><\/p>","protected":false},"excerpt":{"rendered":"<p>Quarto de motel &#8211; Cr\u00e9ditos: depositphotos.com \/ IgorVetushko Na madrugada de quinta-feira, 6 de mar\u00e7o, um evento chocante ocorreu em Tupanatinga, Pernambuco, envolvendo o suplente de vereador Luciano Lol\u00f4. Imagens&hellip;<\/p>","protected":false},"author":1,"featured_media":109068,"comment_status":"closed","ping_status":"open","sticky":false,"template":"","format":"standard","meta":{"content-type":"","footnotes":""},"categories":[16],"tags":[123,2448,5313,1267],"class_list":["post-109067","post","type-post","status-publish","format-standard","has-post-thumbnail","hentry","category-noticias","tag-brasil","tag-diario","tag-noticia","tag-noticias"],"_links":{"self":[{"href":"https:\/\/tvbrazilusa.com\/pt\/wp-json\/wp\/v2\/posts\/109067","targetHints":{"allow":["GET"]}}],"collection":[{"href":"https:\/\/tvbrazilusa.com\/pt\/wp-json\/wp\/v2\/posts"}],"about":[{"href":"https:\/\/tvbrazilusa.com\/pt\/wp-json\/wp\/v2\/types\/post"}],"author":[{"embeddable":true,"href":"https:\/\/tvbrazilusa.com\/pt\/wp-json\/wp\/v2\/users\/1"}],"replies":[{"embeddable":true,"href":"https:\/\/tvbrazilusa.com\/pt\/wp-json\/wp\/v2\/comments?post=109067"}],"version-history":[{"count":1,"href":"https:\/\/tvbrazilusa.com\/pt\/wp-json\/wp\/v2\/posts\/109067\/revisions"}],"predecessor-version":[{"id":109069,"href":"https:\/\/tvbrazilusa.com\/pt\/wp-json\/wp\/v2\/posts\/109067\/revisions\/109069"}],"wp:featuredmedia":[{"embeddable":true,"href":"https:\/\/tvbrazilusa.com\/pt\/wp-json\/wp\/v2\/media\/109068"}],"wp:attachment":[{"href":"https:\/\/tvbrazilusa.com\/pt\/wp-json\/wp\/v2\/media?parent=109067"}],"wp:term":[{"taxonomy":"category","embeddable":true,"href":"https:\/\/tvbrazilusa.com\/pt\/wp-json\/wp\/v2\/categories?post=109067"},{"taxonomy":"post_tag","embeddable":true,"href":"https:\/\/tvbrazilusa.com\/pt\/wp-json\/wp\/v2\/tags?post=109067"}],"curies":[{"name":"wp","href":"https:\/\/api.w.org\/{rel}","templated":true}]}}