{"id":109081,"date":"2025-03-07T17:22:55","date_gmt":"2025-03-07T17:22:55","guid":{"rendered":"https:\/\/tvbrazilusa.com\/2025\/03\/07\/17-anos-de-prisao-mulher-rebate-anitta-apos-cantora-gritar-sem-anistia-no-carnaval\/"},"modified":"2025-03-07T17:22:57","modified_gmt":"2025-03-07T17:22:57","slug":"17-anos-de-prisao-mulher-rebate-anitta-apos-cantora-gritar-sem-anistia-no-carnaval","status":"publish","type":"post","link":"https:\/\/tvbrazilusa.com\/pt\/2025\/03\/07\/17-anos-de-prisao-mulher-rebate-anitta-apos-cantora-gritar-sem-anistia-no-carnaval\/","title":{"rendered":"17 anos de pris\u00e3o: mulher rebate Anitta ap\u00f3s cantora gritar \u2018sem anistia\u2019 no Carnaval"},"content":{"rendered":"<p> <script async src=\"https:\/\/pagead2.googlesyndication.com\/pagead\/js\/adsbygoogle.js?client=ca-pub-8864793242727901\"\r\n     crossorigin=\"anonymous\"><\/script><br \/>\n<\/p>\n<div id=\"taboola-read-more\" style=\"display:block; width:100%\">\n<p>Durante o Carnaval, a cantora Anitta fez um protesto pol\u00edtico ao gritar \u201csem anistia\u201d em um de seus shows. A frase, amplamente utilizada por setores da esquerda que defendem a puni\u00e7\u00e3o de apoiadores do ex-presidente Jair Bolsonaro envolvidos nos atos de 8 de janeiro de 2023, viralizou nas redes sociais.\n<\/p>\n<p>Em resposta, uma mulher publicou um v\u00eddeo criticando a postura da artista. No registro, ela questiona o uso do Carnaval para manifesta\u00e7\u00f5es pol\u00edticas e aponta seletividade no discurso.<\/p>\n<p>Em determinado momento do v\u00eddeo, a mulher faz uma analogia: mancha um peda\u00e7o de concreto com batom vermelho para representar o caso de uma m\u00e3e de fam\u00edlia condenada a mais de 17 anos de pris\u00e3o por rabiscar com batom a est\u00e1tua da Justi\u00e7a durante os atos de 8 de janeiro em Bras\u00edlia.\n<\/p>\n<div id=\"conex-953612029\" class=\"conex-inline-3-4-mobile\">\n<p>O caso mencionado no v\u00eddeo ilustra o que juristas classificam como \u201cpris\u00e3o\u00a0<a title=\"Pol\u00edtica\" href=\"https:\/\/www.conexaopolitica.com.br\/politica\/\" data-internallinksmanager029f6b8e52c=\"24\">pol\u00edtica<\/a>\u201d \u2014 quando h\u00e1 puni\u00e7\u00e3o desproporcional e seletiva contra opositores. A pena aplicada, de 17 anos, \u00e9 superior \u00e0 de crimes como homic\u00eddio simples, cuja condena\u00e7\u00e3o inicial pode ser de 6 anos, e estupro de vulner\u00e1vel, que parte de 8 anos.\n<\/p>\n<div class=\"jnews_inline_related_post_wrapper left\">\n<div class=\"jnews_inline_related_post\">\n<div class=\"jeg_postblock_28 jeg_postblock jeg_module_hook jeg_pagination_disable jeg_col_2o3 jnews_module_164161_0_67cb0b5579e71\" data-unique=\"jnews_module_164161_0_67cb0b5579e71\">\n<div class=\"jeg_block_heading jeg_block_heading_7 jeg_subcat_right\">\n<p>Al\u00e9m disso, atos de vandalismo como picha\u00e7\u00f5es em patrim\u00f4nio p\u00fablico costumam resultar em penas brandas ou san\u00e7\u00f5es alternativas, sem pris\u00e3o.<\/p>\n<p>Fonte: Conex\u00e3o Pol\u00edtica\n<\/p>\n<\/div>\n<\/div>\n<\/div>\n<\/div>\n<\/div><\/div>\n<p><br \/>\n<br \/><a href=\"https:\/\/diariodobrasilnoticias.com.br\/noticia\/17-anos-de-prisao-mulher-rebate-anitta-apos-cantora-gritar-sem-anistia-no-carnaval-67cb0eb64568f\">Source link <\/a><\/p>","protected":false},"excerpt":{"rendered":"<p>Durante o Carnaval, a cantora Anitta fez um protesto pol\u00edtico ao gritar \u201csem anistia\u201d em um de seus shows. A frase, amplamente utilizada por setores da esquerda que defendem a&hellip;<\/p>","protected":false},"author":1,"featured_media":109082,"comment_status":"closed","ping_status":"open","sticky":false,"template":"","format":"standard","meta":{"content-type":"","footnotes":""},"categories":[16],"tags":[123,2448,5313,1267],"class_list":["post-109081","post","type-post","status-publish","format-standard","has-post-thumbnail","hentry","category-noticias","tag-brasil","tag-diario","tag-noticia","tag-noticias"],"_links":{"self":[{"href":"https:\/\/tvbrazilusa.com\/pt\/wp-json\/wp\/v2\/posts\/109081","targetHints":{"allow":["GET"]}}],"collection":[{"href":"https:\/\/tvbrazilusa.com\/pt\/wp-json\/wp\/v2\/posts"}],"about":[{"href":"https:\/\/tvbrazilusa.com\/pt\/wp-json\/wp\/v2\/types\/post"}],"author":[{"embeddable":true,"href":"https:\/\/tvbrazilusa.com\/pt\/wp-json\/wp\/v2\/users\/1"}],"replies":[{"embeddable":true,"href":"https:\/\/tvbrazilusa.com\/pt\/wp-json\/wp\/v2\/comments?post=109081"}],"version-history":[{"count":1,"href":"https:\/\/tvbrazilusa.com\/pt\/wp-json\/wp\/v2\/posts\/109081\/revisions"}],"predecessor-version":[{"id":109083,"href":"https:\/\/tvbrazilusa.com\/pt\/wp-json\/wp\/v2\/posts\/109081\/revisions\/109083"}],"wp:featuredmedia":[{"embeddable":true,"href":"https:\/\/tvbrazilusa.com\/pt\/wp-json\/wp\/v2\/media\/109082"}],"wp:attachment":[{"href":"https:\/\/tvbrazilusa.com\/pt\/wp-json\/wp\/v2\/media?parent=109081"}],"wp:term":[{"taxonomy":"category","embeddable":true,"href":"https:\/\/tvbrazilusa.com\/pt\/wp-json\/wp\/v2\/categories?post=109081"},{"taxonomy":"post_tag","embeddable":true,"href":"https:\/\/tvbrazilusa.com\/pt\/wp-json\/wp\/v2\/tags?post=109081"}],"curies":[{"name":"wp","href":"https:\/\/api.w.org\/{rel}","templated":true}]}}