{"id":109102,"date":"2025-03-07T18:18:07","date_gmt":"2025-03-07T18:18:07","guid":{"rendered":"https:\/\/tvbrazilusa.com\/2025\/03\/07\/mixuruca-sonia-abraao-detona-fantasia-de-paolla-oliveira-em-carnaval\/"},"modified":"2025-03-07T18:18:09","modified_gmt":"2025-03-07T18:18:09","slug":"mixuruca-sonia-abraao-detona-fantasia-de-paolla-oliveira-em-carnaval","status":"publish","type":"post","link":"https:\/\/tvbrazilusa.com\/pt\/2025\/03\/07\/mixuruca-sonia-abraao-detona-fantasia-de-paolla-oliveira-em-carnaval\/","title":{"rendered":"MIXURUCA: S\u00f4nia Abra\u00e3o detona fantasia de Paolla Oliveira em carnaval"},"content":{"rendered":"<p> <script async src=\"https:\/\/pagead2.googlesyndication.com\/pagead\/js\/adsbygoogle.js?client=ca-pub-8864793242727901\"\r\n     crossorigin=\"anonymous\"><\/script><br \/>\n<\/p>\n<div id=\"taboola-read-more\" style=\"display:block; width:100%\">\n<p>Sonia Abr\u00e3o polemizou ao opinar sobre a fantasia escolhida por Paolla Oliveira para seu \u00faltimo desfile como Rainha de Bateria da Grande Rio. Para a contratada da RedeTV!, o figurino n\u00e3o foi o suficiente para marcar sua passagem pelo Carnaval 2025, antes de deixar o posto na escola de samba.<\/p>\n<p>Durante o A Tarde \u00c9 Sua, a apresentadora deu detalhes de sua insatisfa\u00e7\u00e3o envolvendo a roupa: \u201cEu achei esse traje dela mixuruca, meio pobrinho, simples demais. Funcionou muito na avenida porque ele \u00e9 iluminado, ele tinha esse diferencial&#8221;.<\/p>\n<p>Fonte: To Contigo<\/p>\n<\/p><\/div>\n<p><br \/>\n<br \/><a href=\"https:\/\/diariodobrasilnoticias.com.br\/noticia\/mixuruca-sonia-abraao-detona-fantasia-de-paolla-oliveira-em-carnaval-67cb16509faf3\">Source link <\/a><\/p>","protected":false},"excerpt":{"rendered":"<p>Sonia Abr\u00e3o polemizou ao opinar sobre a fantasia escolhida por Paolla Oliveira para seu \u00faltimo desfile como Rainha de Bateria da Grande Rio. Para a contratada da RedeTV!, o figurino&hellip;<\/p>","protected":false},"author":1,"featured_media":109103,"comment_status":"closed","ping_status":"open","sticky":false,"template":"","format":"standard","meta":{"content-type":"","footnotes":""},"categories":[16],"tags":[123,2448,5313,1267],"class_list":["post-109102","post","type-post","status-publish","format-standard","has-post-thumbnail","hentry","category-noticias","tag-brasil","tag-diario","tag-noticia","tag-noticias"],"_links":{"self":[{"href":"https:\/\/tvbrazilusa.com\/pt\/wp-json\/wp\/v2\/posts\/109102","targetHints":{"allow":["GET"]}}],"collection":[{"href":"https:\/\/tvbrazilusa.com\/pt\/wp-json\/wp\/v2\/posts"}],"about":[{"href":"https:\/\/tvbrazilusa.com\/pt\/wp-json\/wp\/v2\/types\/post"}],"author":[{"embeddable":true,"href":"https:\/\/tvbrazilusa.com\/pt\/wp-json\/wp\/v2\/users\/1"}],"replies":[{"embeddable":true,"href":"https:\/\/tvbrazilusa.com\/pt\/wp-json\/wp\/v2\/comments?post=109102"}],"version-history":[{"count":1,"href":"https:\/\/tvbrazilusa.com\/pt\/wp-json\/wp\/v2\/posts\/109102\/revisions"}],"predecessor-version":[{"id":109104,"href":"https:\/\/tvbrazilusa.com\/pt\/wp-json\/wp\/v2\/posts\/109102\/revisions\/109104"}],"wp:featuredmedia":[{"embeddable":true,"href":"https:\/\/tvbrazilusa.com\/pt\/wp-json\/wp\/v2\/media\/109103"}],"wp:attachment":[{"href":"https:\/\/tvbrazilusa.com\/pt\/wp-json\/wp\/v2\/media?parent=109102"}],"wp:term":[{"taxonomy":"category","embeddable":true,"href":"https:\/\/tvbrazilusa.com\/pt\/wp-json\/wp\/v2\/categories?post=109102"},{"taxonomy":"post_tag","embeddable":true,"href":"https:\/\/tvbrazilusa.com\/pt\/wp-json\/wp\/v2\/tags?post=109102"}],"curies":[{"name":"wp","href":"https:\/\/api.w.org\/{rel}","templated":true}]}}