{"id":109108,"date":"2025-03-07T18:43:29","date_gmt":"2025-03-07T18:43:29","guid":{"rendered":"https:\/\/tvbrazilusa.com\/2025\/03\/07\/defesa-de-general-heleno-pede-que-o-processo-do-suposto-golpe-seja-julgado-na-1a-instancia-como-foi-o-caso-de-lula-na-lava-jato\/"},"modified":"2025-03-07T18:43:30","modified_gmt":"2025-03-07T18:43:30","slug":"defesa-de-general-heleno-pede-que-o-processo-do-suposto-golpe-seja-julgado-na-1a-instancia-como-foi-o-caso-de-lula-na-lava-jato","status":"publish","type":"post","link":"https:\/\/tvbrazilusa.com\/pt\/2025\/03\/07\/defesa-de-general-heleno-pede-que-o-processo-do-suposto-golpe-seja-julgado-na-1a-instancia-como-foi-o-caso-de-lula-na-lava-jato\/","title":{"rendered":"Defesa de General Heleno pede que o processo do suposto golpe seja julgado na 1\u00aa inst\u00e2ncia, como foi o caso de Lula, na Lava Jato"},"content":{"rendered":"<p> <script async src=\"https:\/\/pagead2.googlesyndication.com\/pagead\/js\/adsbygoogle.js?client=ca-pub-8864793242727901\"\r\n     crossorigin=\"anonymous\"><\/script><br \/>\n<\/p>\n<div id=\"taboola-read-more\" style=\"display:block; width:100%\">\n<p>Em manifesta\u00e7\u00e3o enviada ao STF, a defesa do general Augusto Heleno pediu que o caso do golpe de Estado seja transferido para a primeira inst\u00e2ncia e citou o julgamento de Lula como exemplo.\n<\/p>\n<p><strong>O que aconteceu<\/strong><br \/>Defesa de Heleno se manifestou formalmente nos autos hoje, no \u00faltimo dia do prazo. O ex-ministro do Gabinete de Seguran\u00e7a Institucional (GSI) foi um dos 34 denunciados pela Procuradoria-Geral da Rep\u00fablica por envolvimento na tentativa de golpe de Estado.<\/p>\n<p>O advogado Matheus Mayer Milanez diz que a situa\u00e7\u00e3o processual \u00e9 &#8220;muito similar&#8221; \u00e0 de Lula. Ele alega que os fatos ocorreram durante o mandato, mas os denunciados n\u00e3o exercem mais o cargo, ent\u00e3o deveriam ser julgados pela Justi\u00e7a Federal de 1\u00ba grau de Bras\u00edlia, e n\u00e3o pelo STF.\n<\/p>\n<div class=\"jupiter-paragraph-fragment\" data-v-232111b4=\"data-v-232111b4\" data-v-0413e3c7=\"data-v-0413e3c7\">\n<p class=\"bullet mt-0\" data-v-232111b4=\"data-v-232111b4\"><cite>Em situa\u00e7\u00e3o processual muito similar, o atual presidente da Rep\u00fablica foi, no passado, denunciado e julgado em primeira inst\u00e2ncia pela Justi\u00e7a Federal de Curitiba por fatos ocorridos durante seu mandato e em raz\u00e3o do mandato, mas, por n\u00e3o ser mais presidente, foi julgado e processado em primeiro grau.\u00a0<\/cite><strong>Trecho de manifesta\u00e7\u00e3o da defesa do general Augusto Heleno<\/strong>\n<\/p>\n<p>\u00a0<\/p>\n<p class=\"bullet\" data-v-232111b4=\"data-v-232111b4\"><span class=\"topicText\"><strong>Defesa cita Opera\u00e7\u00e3o Lava Jato.\u00a0<\/strong>O STF anulou as condena\u00e7\u00f5es de Lula por considerar a Justi\u00e7a Federal de Curitiba incompetente para julgar o caso. &#8220;Estamos a incidir no mesmo erro em que incidimos no passado com rela\u00e7\u00e3o \u00e0 Opera\u00e7\u00e3o Lava Jato e \u00e0 &#8216;super compet\u00eancia&#8217; da 13\u00aa Vara Federal de Curitiba&#8221;, diz.<\/span>\n<\/p>\n<p>\u00a0<\/p>\n<p class=\"bullet\" data-v-232111b4=\"data-v-232111b4\"><span class=\"topicText\"><strong>Advogado tamb\u00e9m pede o impedimento de Alexandre de Moraes, relator do processo.<\/strong>\u00a0Ele alega que o ministro seria parcial, j\u00e1 que a den\u00fancia da PGR cita um plano para mat\u00e1-lo. O mesmo argumento foi utilizado pela defesa de outros denunciados.<\/span>\n<\/p>\n<p>\u00a0<\/p>\n<p class=\"bullet\" data-v-232111b4=\"data-v-232111b4\"><span class=\"topicText\"><strong>Defesa diz que n\u00e3o h\u00e1 provas da participa\u00e7\u00e3o de Heleno no plano golpista.\u00a0<\/strong>&#8220;A atua\u00e7\u00e3o do denunciado seria unicamente a sua presen\u00e7a f\u00edsica na &#8216;live&#8217;, n\u00e3o tendo pronunciado uma \u00fanica palavra sequer ou mesmo se manifestado em qualquer sentido. Como se o simples fato de estar presente numa live o implicasse de alguma forma na alegada empreitada golpista&#8221;, argumenta.<\/span>\n<\/p>\n<\/div>\n<p>\u00a0<\/p>\n<aside class=\"campaign-container\" data-metric-slot=\"content-footer-1\" data-v-0413e3c7=\"data-v-0413e3c7\">\n<\/aside><\/div>\n<p><br \/>\n<br \/><a href=\"https:\/\/diariodobrasilnoticias.com.br\/noticia\/-defesa-de-general-heleno-pede-que-o-processo-do-suposto-golpe-seja-julgado-na-1-instancia-como-foi-o-caso-de-lula-na-lava-jato-67cb1934c19b6\">Source link <\/a><\/p>","protected":false},"excerpt":{"rendered":"<p>Em manifesta\u00e7\u00e3o enviada ao STF, a defesa do general Augusto Heleno pediu que o caso do golpe de Estado seja transferido para a primeira inst\u00e2ncia e citou o julgamento de&hellip;<\/p>","protected":false},"author":1,"featured_media":109109,"comment_status":"closed","ping_status":"open","sticky":false,"template":"","format":"standard","meta":{"content-type":"","footnotes":""},"categories":[16],"tags":[123,2448,5313,1267],"class_list":["post-109108","post","type-post","status-publish","format-standard","has-post-thumbnail","hentry","category-noticias","tag-brasil","tag-diario","tag-noticia","tag-noticias"],"_links":{"self":[{"href":"https:\/\/tvbrazilusa.com\/pt\/wp-json\/wp\/v2\/posts\/109108","targetHints":{"allow":["GET"]}}],"collection":[{"href":"https:\/\/tvbrazilusa.com\/pt\/wp-json\/wp\/v2\/posts"}],"about":[{"href":"https:\/\/tvbrazilusa.com\/pt\/wp-json\/wp\/v2\/types\/post"}],"author":[{"embeddable":true,"href":"https:\/\/tvbrazilusa.com\/pt\/wp-json\/wp\/v2\/users\/1"}],"replies":[{"embeddable":true,"href":"https:\/\/tvbrazilusa.com\/pt\/wp-json\/wp\/v2\/comments?post=109108"}],"version-history":[{"count":1,"href":"https:\/\/tvbrazilusa.com\/pt\/wp-json\/wp\/v2\/posts\/109108\/revisions"}],"predecessor-version":[{"id":109110,"href":"https:\/\/tvbrazilusa.com\/pt\/wp-json\/wp\/v2\/posts\/109108\/revisions\/109110"}],"wp:featuredmedia":[{"embeddable":true,"href":"https:\/\/tvbrazilusa.com\/pt\/wp-json\/wp\/v2\/media\/109109"}],"wp:attachment":[{"href":"https:\/\/tvbrazilusa.com\/pt\/wp-json\/wp\/v2\/media?parent=109108"}],"wp:term":[{"taxonomy":"category","embeddable":true,"href":"https:\/\/tvbrazilusa.com\/pt\/wp-json\/wp\/v2\/categories?post=109108"},{"taxonomy":"post_tag","embeddable":true,"href":"https:\/\/tvbrazilusa.com\/pt\/wp-json\/wp\/v2\/tags?post=109108"}],"curies":[{"name":"wp","href":"https:\/\/api.w.org\/{rel}","templated":true}]}}