{"id":109114,"date":"2025-03-07T18:56:03","date_gmt":"2025-03-07T18:56:03","guid":{"rendered":"https:\/\/tvbrazilusa.com\/2025\/03\/07\/defesa-de-mauro-cid-critica-duramente-denuncia-de-gonet-sobre-tentativa-de-suposto-golpe\/"},"modified":"2025-03-07T18:56:05","modified_gmt":"2025-03-07T18:56:05","slug":"defesa-de-mauro-cid-critica-duramente-denuncia-de-gonet-sobre-tentativa-de-suposto-golpe","status":"publish","type":"post","link":"https:\/\/tvbrazilusa.com\/pt\/2025\/03\/07\/defesa-de-mauro-cid-critica-duramente-denuncia-de-gonet-sobre-tentativa-de-suposto-golpe\/","title":{"rendered":"Defesa de Mauro Cid critica duramente den\u00fancia de Gonet sobre tentativa de suposto golpe"},"content":{"rendered":"<p> <script async src=\"https:\/\/pagead2.googlesyndication.com\/pagead\/js\/adsbygoogle.js?client=ca-pub-8864793242727901\"\r\n     crossorigin=\"anonymous\"><\/script><br \/>\n<\/p>\n<div id=\"taboola-read-more\" style=\"display:block; width:100%\">\n<p>Delator premiado das investiga\u00e7\u00f5es contra Jair Bolsonaro no STF, o ex-ajudante de ordens Mauro Cid j\u00e1 surgiu em \u00e1udios revelados por VEJA detonando a forma intimidat\u00f3ria como seus depoimentos se deram na Pol\u00edcia Federal.\n<\/p>\n<p>Confrontado por Alexandre de Moraes se suas falas eram verdadeiras, o delator recuou, disse que desqualificou a dela\u00e7\u00e3o num momento de desabafo.<\/p>\n<p>Superado esse processo, a PF indiciou 40 investigados e entregou ao procurador-geral da Rep\u00fablica, Paulo Gonet, um vasto material para que ele formulasse a den\u00fancia ao Supremo.\n<\/p>\n<p>Para dar forma ao calhama\u00e7o de 272 p\u00e1ginas, Gonet bebeu em diferentes fontes, sendo uma delas o que Mauro Cid revelou em sua dela\u00e7\u00e3o. Nesta quinta-feira, por\u00e9m, o delator se revoltou com a den\u00fancia de Gonet, dando a entender que ela n\u00e3o reflete a verdade dos fatos e dos crimes admitidos por ele na colabora\u00e7\u00e3o.\n<\/p>\n<p>\u201cEntre as verdadeiras declara\u00e7\u00f5es sobre fatos prestadas na colabora\u00e7\u00e3o premiada e conclus\u00e3o que dela extraiu o eminente procurador da Rep\u00fablica medeia dist\u00e2ncia estelar\u201d, escreveu a defesa do delator na manifesta\u00e7\u00e3o ao STF.\n<\/p>\n<p>Ao negar as acusa\u00e7\u00f5es, o delator, que deu corpo ao trabalho, de certa forma enfraquece a den\u00fancia formulada ao Supremo. Se nem o delator banca o que foi acusado, vendo \u201d dist\u00e2ncia f\u00e1tica\u201d entre trabalho de Gonet e as suas confiss\u00f5es, como cobrar de ministros do STF que validem os apontamentos do chefe da PGR?\n<\/p>\n<p>Fonte: Veja              <\/p>\n<\/div>\n<p><br \/>\n<br \/><a href=\"https:\/\/diariodobrasilnoticias.com.br\/noticia\/defesa-de-mauro-cid-critica-duramente-denuncia-de-gonet-sobre-tentativa-de-golpe-67cb16e458256\">Source link <\/a><\/p>","protected":false},"excerpt":{"rendered":"<p>Delator premiado das investiga\u00e7\u00f5es contra Jair Bolsonaro no STF, o ex-ajudante de ordens Mauro Cid j\u00e1 surgiu em \u00e1udios revelados por VEJA detonando a forma intimidat\u00f3ria como seus depoimentos se&hellip;<\/p>","protected":false},"author":1,"featured_media":109115,"comment_status":"closed","ping_status":"open","sticky":false,"template":"","format":"standard","meta":{"content-type":"","footnotes":""},"categories":[16],"tags":[123,2448,5313,1267],"class_list":["post-109114","post","type-post","status-publish","format-standard","has-post-thumbnail","hentry","category-noticias","tag-brasil","tag-diario","tag-noticia","tag-noticias"],"_links":{"self":[{"href":"https:\/\/tvbrazilusa.com\/pt\/wp-json\/wp\/v2\/posts\/109114","targetHints":{"allow":["GET"]}}],"collection":[{"href":"https:\/\/tvbrazilusa.com\/pt\/wp-json\/wp\/v2\/posts"}],"about":[{"href":"https:\/\/tvbrazilusa.com\/pt\/wp-json\/wp\/v2\/types\/post"}],"author":[{"embeddable":true,"href":"https:\/\/tvbrazilusa.com\/pt\/wp-json\/wp\/v2\/users\/1"}],"replies":[{"embeddable":true,"href":"https:\/\/tvbrazilusa.com\/pt\/wp-json\/wp\/v2\/comments?post=109114"}],"version-history":[{"count":1,"href":"https:\/\/tvbrazilusa.com\/pt\/wp-json\/wp\/v2\/posts\/109114\/revisions"}],"predecessor-version":[{"id":109116,"href":"https:\/\/tvbrazilusa.com\/pt\/wp-json\/wp\/v2\/posts\/109114\/revisions\/109116"}],"wp:featuredmedia":[{"embeddable":true,"href":"https:\/\/tvbrazilusa.com\/pt\/wp-json\/wp\/v2\/media\/109115"}],"wp:attachment":[{"href":"https:\/\/tvbrazilusa.com\/pt\/wp-json\/wp\/v2\/media?parent=109114"}],"wp:term":[{"taxonomy":"category","embeddable":true,"href":"https:\/\/tvbrazilusa.com\/pt\/wp-json\/wp\/v2\/categories?post=109114"},{"taxonomy":"post_tag","embeddable":true,"href":"https:\/\/tvbrazilusa.com\/pt\/wp-json\/wp\/v2\/tags?post=109114"}],"curies":[{"name":"wp","href":"https:\/\/api.w.org\/{rel}","templated":true}]}}