{"id":109168,"date":"2025-03-07T22:04:13","date_gmt":"2025-03-07T22:04:13","guid":{"rendered":"https:\/\/tvbrazilusa.com\/2025\/03\/07\/fernanda-torres-embarca-para-um-descanso-com-malas-de-luxo-de-preco-exorbitante\/"},"modified":"2025-03-07T22:04:14","modified_gmt":"2025-03-07T22:04:14","slug":"fernanda-torres-embarca-para-um-descanso-com-malas-de-luxo-de-preco-exorbitante","status":"publish","type":"post","link":"https:\/\/tvbrazilusa.com\/pt\/2025\/03\/07\/fernanda-torres-embarca-para-um-descanso-com-malas-de-luxo-de-preco-exorbitante\/","title":{"rendered":"Fernanda Torres embarca para um descanso com malas de luxo de pre\u00e7o exorbitante"},"content":{"rendered":"<p> <script async src=\"https:\/\/pagead2.googlesyndication.com\/pagead\/js\/adsbygoogle.js?client=ca-pub-8864793242727901\"\r\n     crossorigin=\"anonymous\"><\/script><br \/>\n<\/p>\n<div id=\"taboola-read-more\" style=\"display:block; width:100%\">\n<p>Depois de seis meses trabalhando sem parar, Fernanda Torres vai finalmente descansar. A atriz foi vista deixando seu hotel em Los Angeles, nos EUA, rumos \u00e0s f\u00e9rias. Mas, o que chamou aten\u00e7\u00e3o no registro pr\u00e9-descanso da estrela foram as malas luxuosas escolhidas para a ocasi\u00e3o, avaliadas em mais de R$ 52 mil.\n<\/p>\n<p>As malas da grife alem\u00e3 Rimowa variam de pre\u00e7o conforme modelo e tamanho, mas as escolhidas por Fernanda podem ser adquiridas por R$ 6,9 mil a R$ 13,7 mil. Ao todo, as cinco bagagens da artista podem chegar ao valor de R$ 52,7 mil.<\/p>\n<p>Fernanda foi indicada a categoria de Melhor Atriz no Oscar e participou da premia\u00e7\u00e3o que elegeu \u201cAinda Estou Aqui\u201d como melhor filme internacional. O longa de Walter Salles levou o trof\u00e9u e fez hist\u00f3ria ao se tornar o primeiro trabalho brasileiro a alcan\u00e7ar a marca.\n<\/p>\n<p>A atriz, inclusive, rejeitou um convite para participar do Carnaval do Rio, no Desfile das Campe\u00e3s, neste final de semana. Eduardo Paes, prefeito da cidade, convidou Fernanda como uma forma de homenagem, mas a artista afirmou que precisava relaxar.\n<\/p>\n<p>\u201cMinha vida n\u00e3o para desde setembro. Assim que passar isso tudo, vou precisar descansar. As homenagens s\u00e3o bem-vindas, mas sem a minha presen\u00e7a, porque estou muito cansada, trabalhando sem parar h\u00e1 seis meses e precisando parar. Muito obrigada pelo carinho. Beijo imenso, Fernanda Torres\u201d, justificou ao Gshow.\n<\/p>\n<p>Fonte: Portal Leo Dias              <\/p>\n<\/div>\n<p><br \/>\n<br \/><a href=\"https:\/\/diariodobrasilnoticias.com.br\/noticia\/fernanda-torres-embarca-para-um-descanso-com-malas-de-luxo-de-preco-exorbitante-67cb51c66eb9d\">Source link <\/a><\/p>","protected":false},"excerpt":{"rendered":"<p>Depois de seis meses trabalhando sem parar, Fernanda Torres vai finalmente descansar. A atriz foi vista deixando seu hotel em Los Angeles, nos EUA, rumos \u00e0s f\u00e9rias. Mas, o que&hellip;<\/p>","protected":false},"author":1,"featured_media":109169,"comment_status":"closed","ping_status":"open","sticky":false,"template":"","format":"standard","meta":{"content-type":"","footnotes":""},"categories":[16],"tags":[123,2448,5313,1267],"class_list":["post-109168","post","type-post","status-publish","format-standard","has-post-thumbnail","hentry","category-noticias","tag-brasil","tag-diario","tag-noticia","tag-noticias"],"_links":{"self":[{"href":"https:\/\/tvbrazilusa.com\/pt\/wp-json\/wp\/v2\/posts\/109168","targetHints":{"allow":["GET"]}}],"collection":[{"href":"https:\/\/tvbrazilusa.com\/pt\/wp-json\/wp\/v2\/posts"}],"about":[{"href":"https:\/\/tvbrazilusa.com\/pt\/wp-json\/wp\/v2\/types\/post"}],"author":[{"embeddable":true,"href":"https:\/\/tvbrazilusa.com\/pt\/wp-json\/wp\/v2\/users\/1"}],"replies":[{"embeddable":true,"href":"https:\/\/tvbrazilusa.com\/pt\/wp-json\/wp\/v2\/comments?post=109168"}],"version-history":[{"count":1,"href":"https:\/\/tvbrazilusa.com\/pt\/wp-json\/wp\/v2\/posts\/109168\/revisions"}],"predecessor-version":[{"id":109170,"href":"https:\/\/tvbrazilusa.com\/pt\/wp-json\/wp\/v2\/posts\/109168\/revisions\/109170"}],"wp:featuredmedia":[{"embeddable":true,"href":"https:\/\/tvbrazilusa.com\/pt\/wp-json\/wp\/v2\/media\/109169"}],"wp:attachment":[{"href":"https:\/\/tvbrazilusa.com\/pt\/wp-json\/wp\/v2\/media?parent=109168"}],"wp:term":[{"taxonomy":"category","embeddable":true,"href":"https:\/\/tvbrazilusa.com\/pt\/wp-json\/wp\/v2\/categories?post=109168"},{"taxonomy":"post_tag","embeddable":true,"href":"https:\/\/tvbrazilusa.com\/pt\/wp-json\/wp\/v2\/tags?post=109168"}],"curies":[{"name":"wp","href":"https:\/\/api.w.org\/{rel}","templated":true}]}}