{"id":109174,"date":"2025-03-07T22:15:50","date_gmt":"2025-03-07T22:15:50","guid":{"rendered":"https:\/\/tvbrazilusa.com\/2025\/03\/07\/veja-briga-que-fez-justica-condenar-gol-a-indenizar-passageiras-agredidas-em-aviao-veja-video\/"},"modified":"2025-03-07T22:15:52","modified_gmt":"2025-03-07T22:15:52","slug":"veja-briga-que-fez-justica-condenar-gol-a-indenizar-passageiras-agredidas-em-aviao-veja-video","status":"publish","type":"post","link":"https:\/\/tvbrazilusa.com\/pt\/2025\/03\/07\/veja-briga-que-fez-justica-condenar-gol-a-indenizar-passageiras-agredidas-em-aviao-veja-video\/","title":{"rendered":"Veja briga que fez justi\u00e7a condenar Gol a indenizar passageiras agredidas em avi\u00e3o; VEJA V\u00cdDEO"},"content":{"rendered":"<p> <script async src=\"https:\/\/pagead2.googlesyndication.com\/pagead\/js\/adsbygoogle.js?client=ca-pub-8864793242727901\"\r\n     crossorigin=\"anonymous\"><\/script><br \/>\n<\/p>\n<div id=\"taboola-read-more\" style=\"display:block; width:100%\">\n<p>A companhia a\u00e9rea Gol foi condenada pela Justi\u00e7a de S\u00e3o Paulo a indenizar duas passageiras que sofreram agress\u00f5es f\u00edsicas e verbais dentro de um avi\u00e3o em decorr\u00eancia de uma confus\u00e3o envolvendo assentos. A decis\u00e3o, divulgada nesta sexta-feira (7), prev\u00ea o pagamento de R$ 10 mil por danos morais para cada uma das v\u00edtimas.\n<\/p>\n<p>A briga ocorreu em fevereiro de 2023, no voo G3 1659 com origem em Salvador, Bahia, e destino em S\u00e3o Paulo. As v\u00edtimas s\u00e3o m\u00e3e e filha e tinham 42 e 19 anos \u00e0 \u00e9poca. Na ocasi\u00e3o, elas entraram na aeronave e encontraram, na poltrona que estava reservada para a m\u00e3e, uma mulher sentada com uma crian\u00e7a com defici\u00eancia no colo.<\/p>\n<p>A dupla de passageiras pediu que a mulher desocupasse o assento, o que causou insatisfa\u00e7\u00e3o na fam\u00edlia da crian\u00e7a, que se exaltou e xingou as mulheres. As agress\u00f5es verbais tomaram propor\u00e7\u00f5es maiores, levando \u00e0 viol\u00eancia f\u00edsica.\n<\/p>\n<p>V\u00eddeos da confus\u00e3o foram gravados por testemunhas e posteriormente divulgados na internet.\n<\/p>\n<p><strong>ASSISTA:<\/strong>\n<\/p>\n<p>\u00c0 \u00e9poca, o comiss\u00e1rio de bordo responsabilizou a m\u00e3e, dizendo que ela n\u00e3o teve \u201cempatia com outra passageira que tem um filho com defici\u00eancia\u201d. Os envolvidos foram retirados do avi\u00e3o antes da decolagem, que atrasou cerca de uma hora.\n<\/p>\n<p>A m\u00e3e e a filha decidiram, ent\u00e3o, buscar justi\u00e7a e processaram a Gol. Conforme informa\u00e7\u00f5es do portal G1, o juiz S\u00e9rgio Castresi de Souza Castro, da 4\u00aa Vara de Cubat\u00e3o, respons\u00e1vel pela decis\u00e3o, apontou que era dever da companhia garantir o direito das passageiras usufru\u00edrem do servi\u00e7o contratado, ou seja, a poltrona na janela.\n<\/p>\n<p>\u2013 Se o menor que estava no colo da passageira que ocupava irregularmente a poltrona da autora possui alguma esp\u00e9cie de limita\u00e7\u00e3o ou doen\u00e7a f\u00edsica, competia aos pr\u00f3prios pais\/respons\u00e1veis legais e, qui\u00e7\u00e1, \u00e0 companhia a\u00e9rea r\u00e9, de modo antecipado ao voo em quest\u00e3o, garantir-lhe um assento adequado, adquirindo a poltrona desejada, sem ferir direito de terceiro \u2013 ponderou o magistrado.\n<\/p>\n<p>\u2013 Os tripulantes do voo s\u00f3 tinham o dever de alertar todos os passageiros a ocuparem os assentos constantes dos respectivos bilhetes, para evitar o agravamento da discuss\u00e3o, mas nada fizeram, uma vez que s\u00f3 intervieram depois da discuss\u00e3o inicial tornar-se uma briga generalizada no interior do avi\u00e3o, colocando em risco a integridade de outros passageiros e da pr\u00f3pria seguran\u00e7a do voo, inclusive \u2013 adicionou.\n<\/p>\n<p>Josiane Moraes, advogada das v\u00edtimas, elogiou a decis\u00e3o do juiz, dizendo que a senten\u00e7a tem relev\u00e2ncia social:\n<\/p>\n<p>\u2013 Mostra que cada cidad\u00e3o ocupa um espa\u00e7o com direitos e deveres, e no caso da cia a\u00e9rea gol, ao deixar de cumprir seu dever, atingiu direitos de terceiros \u2013 avaliou.\n<\/p>\n<p>Ela ainda informou que as suas clientes pretendem responsabilizar n\u00e3o apenas a companhia a\u00e9rea, mas os agressores.\n<\/p>\n<p>Fonte: Pleno News              <\/p>\n<\/div>\n<p><br \/>\n<br \/><a href=\"https:\/\/diariodobrasilnoticias.com.br\/noticia\/veja-briga-que-fez-justica-condenar-gol-a-indenizar-passageiras-agredidas-em-aviao-veja-video-67cb5429afcb7\">Source link <\/a><\/p>","protected":false},"excerpt":{"rendered":"<p>A companhia a\u00e9rea Gol foi condenada pela Justi\u00e7a de S\u00e3o Paulo a indenizar duas passageiras que sofreram agress\u00f5es f\u00edsicas e verbais dentro de um avi\u00e3o em decorr\u00eancia de uma confus\u00e3o&hellip;<\/p>","protected":false},"author":1,"featured_media":109175,"comment_status":"closed","ping_status":"open","sticky":false,"template":"","format":"standard","meta":{"content-type":"","footnotes":""},"categories":[16],"tags":[123,2448,5313,1267],"class_list":["post-109174","post","type-post","status-publish","format-standard","has-post-thumbnail","hentry","category-noticias","tag-brasil","tag-diario","tag-noticia","tag-noticias"],"_links":{"self":[{"href":"https:\/\/tvbrazilusa.com\/pt\/wp-json\/wp\/v2\/posts\/109174","targetHints":{"allow":["GET"]}}],"collection":[{"href":"https:\/\/tvbrazilusa.com\/pt\/wp-json\/wp\/v2\/posts"}],"about":[{"href":"https:\/\/tvbrazilusa.com\/pt\/wp-json\/wp\/v2\/types\/post"}],"author":[{"embeddable":true,"href":"https:\/\/tvbrazilusa.com\/pt\/wp-json\/wp\/v2\/users\/1"}],"replies":[{"embeddable":true,"href":"https:\/\/tvbrazilusa.com\/pt\/wp-json\/wp\/v2\/comments?post=109174"}],"version-history":[{"count":1,"href":"https:\/\/tvbrazilusa.com\/pt\/wp-json\/wp\/v2\/posts\/109174\/revisions"}],"predecessor-version":[{"id":109176,"href":"https:\/\/tvbrazilusa.com\/pt\/wp-json\/wp\/v2\/posts\/109174\/revisions\/109176"}],"wp:featuredmedia":[{"embeddable":true,"href":"https:\/\/tvbrazilusa.com\/pt\/wp-json\/wp\/v2\/media\/109175"}],"wp:attachment":[{"href":"https:\/\/tvbrazilusa.com\/pt\/wp-json\/wp\/v2\/media?parent=109174"}],"wp:term":[{"taxonomy":"category","embeddable":true,"href":"https:\/\/tvbrazilusa.com\/pt\/wp-json\/wp\/v2\/categories?post=109174"},{"taxonomy":"post_tag","embeddable":true,"href":"https:\/\/tvbrazilusa.com\/pt\/wp-json\/wp\/v2\/tags?post=109174"}],"curies":[{"name":"wp","href":"https:\/\/api.w.org\/{rel}","templated":true}]}}