{"id":109180,"date":"2025-03-07T22:28:33","date_gmt":"2025-03-07T22:28:33","guid":{"rendered":"https:\/\/tvbrazilusa.com\/2025\/03\/07\/rachadinha-9-vezes-que-janones-atacou-bolsonaristas-pela-pratica\/"},"modified":"2025-03-07T22:28:35","modified_gmt":"2025-03-07T22:28:35","slug":"rachadinha-9-vezes-que-janones-atacou-bolsonaristas-pela-pratica","status":"publish","type":"post","link":"https:\/\/tvbrazilusa.com\/pt\/2025\/03\/07\/rachadinha-9-vezes-que-janones-atacou-bolsonaristas-pela-pratica\/","title":{"rendered":"Rachadinha: 9 vezes que Janones atacou bolsonaristas pela pr\u00e1tica"},"content":{"rendered":"<p> <script async src=\"https:\/\/pagead2.googlesyndication.com\/pagead\/js\/adsbygoogle.js?client=ca-pub-8864793242727901\"\r\n     crossorigin=\"anonymous\"><\/script><br \/>\n<\/p>\n<div id=\"taboola-read-more\" style=\"display:block; width:100%\">\n<p>O deputado federal Andr\u00e9 Janones (Avante-MG), que confessou ter cometido crime de rachadinha no pr\u00f3prio gabinete, j\u00e1 atacou bolsonaristas pela pr\u00e1tica. Isso ocorreu porque o senador Fl\u00e1vio Bolsonaro (PL-RJ) j\u00e1 foi acusado de desviar parte do sal\u00e1rio de assessores quando era deputado estadual.\n<\/p>\n<p><strong>CONFIRA:<\/strong><\/p>\n<\/p>\n<p><img decoding=\"async\" src=\"https:\/\/fly.metroimg.com\/upload\/q_85,w_1200\/https:\/\/uploads.metroimg.com\/wp-content\/uploads\/2025\/03\/07131049\/janones-1-3.jpg\" alt=\"\" width=\"100%\"\/>\n<\/p>\n<p><img decoding=\"async\" src=\"https:\/\/fly.metroimg.com\/upload\/q_85,w_1200\/https:\/\/uploads.metroimg.com\/wp-content\/uploads\/2025\/03\/07131135\/janones-3-1.jpg\" alt=\"\" width=\"100%\"\/>\n<\/p>\n<p><img decoding=\"async\" src=\"https:\/\/fly.metroimg.com\/upload\/q_85,w_1200\/https:\/\/uploads.metroimg.com\/wp-content\/uploads\/2025\/03\/07131850\/janones-9.jpg\" alt=\"\" width=\"100%\"\/>\n<\/p>\n<p><img decoding=\"async\" src=\"https:\/\/fly.metroimg.com\/upload\/q_85,w_1200\/https:\/\/uploads.metroimg.com\/wp-content\/uploads\/2025\/03\/07131853\/janones-8.jpg\" alt=\"\" width=\"100%\"\/>\n<\/p>\n<p><img decoding=\"async\" src=\"https:\/\/fly.metroimg.com\/upload\/q_85,w_1200\/https:\/\/uploads.metroimg.com\/wp-content\/uploads\/2025\/03\/07131856\/janones-7.jpg\" alt=\"\" width=\"100%\"\/>\n<\/p>\n<p><img decoding=\"async\" src=\"https:\/\/fly.metroimg.com\/upload\/q_85,w_1200\/https:\/\/uploads.metroimg.com\/wp-content\/uploads\/2025\/03\/07131900\/janones-6.jpg\" alt=\"\" width=\"100%\"\/>\n<\/p>\n<p><img decoding=\"async\" src=\"https:\/\/fly.metroimg.com\/upload\/q_85,w_1200\/https:\/\/uploads.metroimg.com\/wp-content\/uploads\/2025\/03\/07131903\/janones-5.jpg\" alt=\"\" width=\"100%\"\/>\n<\/p>\n<p><img decoding=\"async\" src=\"https:\/\/fly.metroimg.com\/upload\/q_85,w_1200\/https:\/\/uploads.metroimg.com\/wp-content\/uploads\/2025\/03\/07134620\/janones-rachadinha.jpg\" alt=\"\" width=\"100%\"\/>\n<\/p>\n<p style=\"text-align: center;\"><em>Fotos: Reprodu\u00e7\u00e3o \/ x \/ Metr\u00f3poles<\/em>\n<\/p>\n<p>A rachadinha configura enriquecimento il\u00edcito e dano ao patrim\u00f4nio p\u00fablico. Agora, o parlamentar ter\u00e1 que devolver R$ 131,5 mil \u00e0 C\u00e2mara dos Deputados, al\u00e9m de pagar multa de R$ 26,3 mil, ap\u00f3s firmar um Acordo de N\u00e3o Persecu\u00e7\u00e3o Penal (ANPP) com a Procuradoria-Geral da Rep\u00fablica (PGR).\n<\/p>\n<p>A multa \u00e9 relativa a 20% do total do dano. Ser\u00e3o R$ 80 mil em parcela \u00fanica, depositada at\u00e9 30 dias ap\u00f3s a homologa\u00e7\u00e3o do ANPP. Tamb\u00e9m h\u00e1 mais R$ 77.813,81 em 12 parcelas mensais de R$ 6.484,48.\n<\/p>\n<p>A Pol\u00edcia Federal indiciou o deputado em setembro de 2024. O Supremo Tribunal Federal (STF) determinou a abertura da investiga\u00e7\u00e3o no mesmo m\u00eas, a partir de reportagem publicada na coluna de Paulo Cappelli, no Metr\u00f3poles, em novembro do ano anterior.\n<\/p>\n<p><strong>Relembre o caso da rachadinha de Janones<\/strong><br \/>O deputado, aliado do governo federal, cobra parte dos sal\u00e1rios dos servidores para o pagamento de despesas pessoais e recomposi\u00e7\u00e3o de seu patrim\u00f4nio em um \u00e1udio. Na grava\u00e7\u00e3o, argumenta que n\u00e3o seria justo que os assessores ficassem com o sal\u00e1rio integral.\n<\/p>\n<p>Fonte: Metr\u00f3poles              <\/p>\n<\/div>\n<p><br \/>\n<br \/><a href=\"https:\/\/diariodobrasilnoticias.com.br\/noticia\/rachadinha-9-vezes-que-janones-atacou-bolsonaristas-pela-pratica-67cb536256bee\">Source link <\/a><\/p>","protected":false},"excerpt":{"rendered":"<p>O deputado federal Andr\u00e9 Janones (Avante-MG), que confessou ter cometido crime de rachadinha no pr\u00f3prio gabinete, j\u00e1 atacou bolsonaristas pela pr\u00e1tica. Isso ocorreu porque o senador Fl\u00e1vio Bolsonaro (PL-RJ) j\u00e1&hellip;<\/p>","protected":false},"author":1,"featured_media":109181,"comment_status":"closed","ping_status":"open","sticky":false,"template":"","format":"standard","meta":{"content-type":"","footnotes":""},"categories":[16],"tags":[123,2448,5313,1267],"class_list":["post-109180","post","type-post","status-publish","format-standard","has-post-thumbnail","hentry","category-noticias","tag-brasil","tag-diario","tag-noticia","tag-noticias"],"_links":{"self":[{"href":"https:\/\/tvbrazilusa.com\/pt\/wp-json\/wp\/v2\/posts\/109180","targetHints":{"allow":["GET"]}}],"collection":[{"href":"https:\/\/tvbrazilusa.com\/pt\/wp-json\/wp\/v2\/posts"}],"about":[{"href":"https:\/\/tvbrazilusa.com\/pt\/wp-json\/wp\/v2\/types\/post"}],"author":[{"embeddable":true,"href":"https:\/\/tvbrazilusa.com\/pt\/wp-json\/wp\/v2\/users\/1"}],"replies":[{"embeddable":true,"href":"https:\/\/tvbrazilusa.com\/pt\/wp-json\/wp\/v2\/comments?post=109180"}],"version-history":[{"count":1,"href":"https:\/\/tvbrazilusa.com\/pt\/wp-json\/wp\/v2\/posts\/109180\/revisions"}],"predecessor-version":[{"id":109182,"href":"https:\/\/tvbrazilusa.com\/pt\/wp-json\/wp\/v2\/posts\/109180\/revisions\/109182"}],"wp:featuredmedia":[{"embeddable":true,"href":"https:\/\/tvbrazilusa.com\/pt\/wp-json\/wp\/v2\/media\/109181"}],"wp:attachment":[{"href":"https:\/\/tvbrazilusa.com\/pt\/wp-json\/wp\/v2\/media?parent=109180"}],"wp:term":[{"taxonomy":"category","embeddable":true,"href":"https:\/\/tvbrazilusa.com\/pt\/wp-json\/wp\/v2\/categories?post=109180"},{"taxonomy":"post_tag","embeddable":true,"href":"https:\/\/tvbrazilusa.com\/pt\/wp-json\/wp\/v2\/tags?post=109180"}],"curies":[{"name":"wp","href":"https:\/\/api.w.org\/{rel}","templated":true}]}}