{"id":109194,"date":"2025-03-07T23:19:42","date_gmt":"2025-03-07T23:19:42","guid":{"rendered":"https:\/\/tvbrazilusa.com\/2025\/03\/07\/saiba-qual-e-o-salario-do-papa-da-igreja-catolica\/"},"modified":"2025-03-07T23:19:44","modified_gmt":"2025-03-07T23:19:44","slug":"saiba-qual-e-o-salario-do-papa-da-igreja-catolica","status":"publish","type":"post","link":"https:\/\/tvbrazilusa.com\/pt\/2025\/03\/07\/saiba-qual-e-o-salario-do-papa-da-igreja-catolica\/","title":{"rendered":"Saiba qual \u00e9 o sal\u00e1rio do papa da Igreja Cat\u00f3lica"},"content":{"rendered":"<p> <script async src=\"https:\/\/pagead2.googlesyndication.com\/pagead\/js\/adsbygoogle.js?client=ca-pub-8864793242727901\"\r\n     crossorigin=\"anonymous\"><\/script><br \/>\n<\/p>\n<div id=\"taboola-read-more\" style=\"display:block; width:100%\">\n<p>Quanto o papa ganha? Assim como outros chefes de Estado, o l\u00edder do Vaticano tamb\u00e9m tem gastos correntes.\n<\/p>\n<p>Muitos fi\u00e9is, ao longo dos anos, enviaram questionamentos para a Igreja Cat\u00f3lica querendo saber detalhes sobre a \u201cfolha de pagamento\u201d do pont\u00edfice.<\/p>\n<p>Para surpresa de muitos, a resposta foi divertida e inesperada.\n<\/p>\n<p>No document\u00e1rio \u201cAm\u00e9m: Perguntando ao Papa\u201d, de 2023, Francisco revelou que, ao contr\u00e1rio do que muitos imaginam, ele n\u00e3o recebe nenhum sal\u00e1rio.\n<\/p>\n<p>\u201cQuando preciso de dinheiro para comprar sapatos ou algo assim, eu pe\u00e7o. N\u00e3o tenho um sal\u00e1rio, mas n\u00e3o me preocupo com isso, pois sei que serei alimentado de gra\u00e7a\u201d, brincou o pont\u00edfice.\n<\/p>\n<p>Apesar de ocupar um cargo de prest\u00edgio e exercer uma fun\u00e7\u00e3o de enorme responsabilidade dentro da Igreja Cat\u00f3lica, o papa n\u00e3o recebe uma remunera\u00e7\u00e3o regular. Esta pr\u00e1tica remonta \u00e0 tradi\u00e7\u00e3o que o pr\u00f3prio pont\u00edfice segue, de simplicidade e humildade, associada aos votos de pobreza feitos quando entrou para a Companhia de Jesus.\n<\/p>\n<p>A realidade, como explicou um porta-voz do Vaticano, \u00e9 que o papa nunca recebeu um sal\u00e1rio fixo, algo que foi esclarecido publicamente ap\u00f3s especula\u00e7\u00f5es em 2001 sobre um suposto pagamento ao papa Jo\u00e3o Paulo II.\n<\/p>\n<p>Embora n\u00e3o tenha um sal\u00e1rio, Francisco tem suas necessidades pessoais, como moradia e alimenta\u00e7\u00e3o, totalmente custeadas pelo Vaticano. O pont\u00edfice tamb\u00e9m administra um fundo voltado \u00e0 caridade, que utiliza para apoiar causas e pessoas necessitadas ao redor do mundo.\n<\/p>\n<p>Um exemplo disso foi a doa\u00e7\u00e3o de meio milh\u00e3o de d\u00f3lares ao fundo Peter\u2019s Pence, que ajuda milhares de pessoas no M\u00e9xico. Suas a\u00e7\u00f5es refletem a ideia de que sua miss\u00e3o n\u00e3o \u00e9 guiada por interesses financeiros, mas pela generosidade e pelos princ\u00edpios de servi\u00e7o e humildade, ecoando a vida de Jesus, que tamb\u00e9m n\u00e3o recebia qualquer compensa\u00e7\u00e3o financeira por suas a\u00e7\u00f5es.\n<\/p>\n<p>Fonte: CNN Brasil              <\/p>\n<\/div>\n<p><br \/>\n<br \/><a href=\"https:\/\/diariodobrasilnoticias.com.br\/noticia\/saiba-qual-e-o-salario-do-papa-da-igreja-catolica-67cb66a7cc1a3\">Source link <\/a><\/p>","protected":false},"excerpt":{"rendered":"<p>Quanto o papa ganha? Assim como outros chefes de Estado, o l\u00edder do Vaticano tamb\u00e9m tem gastos correntes. Muitos fi\u00e9is, ao longo dos anos, enviaram questionamentos para a Igreja Cat\u00f3lica&hellip;<\/p>","protected":false},"author":1,"featured_media":109195,"comment_status":"closed","ping_status":"open","sticky":false,"template":"","format":"standard","meta":{"content-type":"","footnotes":""},"categories":[16],"tags":[123,2448,5313,1267],"class_list":["post-109194","post","type-post","status-publish","format-standard","has-post-thumbnail","hentry","category-noticias","tag-brasil","tag-diario","tag-noticia","tag-noticias"],"_links":{"self":[{"href":"https:\/\/tvbrazilusa.com\/pt\/wp-json\/wp\/v2\/posts\/109194","targetHints":{"allow":["GET"]}}],"collection":[{"href":"https:\/\/tvbrazilusa.com\/pt\/wp-json\/wp\/v2\/posts"}],"about":[{"href":"https:\/\/tvbrazilusa.com\/pt\/wp-json\/wp\/v2\/types\/post"}],"author":[{"embeddable":true,"href":"https:\/\/tvbrazilusa.com\/pt\/wp-json\/wp\/v2\/users\/1"}],"replies":[{"embeddable":true,"href":"https:\/\/tvbrazilusa.com\/pt\/wp-json\/wp\/v2\/comments?post=109194"}],"version-history":[{"count":1,"href":"https:\/\/tvbrazilusa.com\/pt\/wp-json\/wp\/v2\/posts\/109194\/revisions"}],"predecessor-version":[{"id":109196,"href":"https:\/\/tvbrazilusa.com\/pt\/wp-json\/wp\/v2\/posts\/109194\/revisions\/109196"}],"wp:featuredmedia":[{"embeddable":true,"href":"https:\/\/tvbrazilusa.com\/pt\/wp-json\/wp\/v2\/media\/109195"}],"wp:attachment":[{"href":"https:\/\/tvbrazilusa.com\/pt\/wp-json\/wp\/v2\/media?parent=109194"}],"wp:term":[{"taxonomy":"category","embeddable":true,"href":"https:\/\/tvbrazilusa.com\/pt\/wp-json\/wp\/v2\/categories?post=109194"},{"taxonomy":"post_tag","embeddable":true,"href":"https:\/\/tvbrazilusa.com\/pt\/wp-json\/wp\/v2\/tags?post=109194"}],"curies":[{"name":"wp","href":"https:\/\/api.w.org\/{rel}","templated":true}]}}