{"id":109197,"date":"2025-03-07T23:32:46","date_gmt":"2025-03-07T23:32:46","guid":{"rendered":"https:\/\/tvbrazilusa.com\/2025\/03\/07\/zucco-anuncia-medidas-contra-andre-janones-depois-de-acordo-com-a-pgr\/"},"modified":"2025-03-07T23:32:48","modified_gmt":"2025-03-07T23:32:48","slug":"zucco-anuncia-medidas-contra-andre-janones-depois-de-acordo-com-a-pgr","status":"publish","type":"post","link":"https:\/\/tvbrazilusa.com\/pt\/2025\/03\/07\/zucco-anuncia-medidas-contra-andre-janones-depois-de-acordo-com-a-pgr\/","title":{"rendered":"Zucco anuncia medidas contra Andr\u00e9 Janones, depois de acordo com a PGR"},"content":{"rendered":"<p> <script async src=\"https:\/\/pagead2.googlesyndication.com\/pagead\/js\/adsbygoogle.js?client=ca-pub-8864793242727901\"\r\n     crossorigin=\"anonymous\"><\/script><br \/>\n<\/p>\n<div>\n<figure class=\"post-image\">\n<\/figure>\n<p>            <span style=\"font-size: 12px\">Foto: Mario Agra \/ C\u00e2mara dos Deputados<\/span><\/p>\n<p>            <!-- end metas --><br \/>\n            <!-- ADS --><\/p>\n<div id=\"taboola-read-more\" style=\"display:block; width:100%\">\n<p>O l\u00edder da oposi\u00e7\u00e3o na C\u00e2mara dos Deputados, deputado federal Luciano Zucco (PL-RS), anunciou que tomar\u00e1 medidas no Conselho de \u00c9tica contra o Andr\u00e9 Janones (Avante-MG). A posi\u00e7\u00e3o ocorre depois de o parlamentar mineiro ter firmado acordo com a Procuradoria-Geral da Rep\u00fablica (PGR).\n<\/p>\n<p>Zucco afirmou que a confiss\u00e3o de Janones sobre o uso de dinheiro de assessores para despesas pessoais comprova a irregularidade e justifica sua cassa\u00e7\u00e3o. \u201cA PGR confirmou o desvio ao impor a devolu\u00e7\u00e3o de R$ 131,5 mil e o pagamento de multa de R$ 26,3 mil.\u201d<\/p>\n<p>Janones admitiu ter solicitado, em 2019, um cart\u00e3o de cr\u00e9dito ao assessor M\u00e1rio Celestino da Silva Junior para cobrir despesas pessoais. Ele alegou estar enfrentando dificuldades financeiras por estar com o nome negativado. O acordo de n\u00e3o persecu\u00e7\u00e3o penal prev\u00ea que o montante ser\u00e1 ressarcido \u00e0 C\u00e2mara dos Deputados, evitando uma a\u00e7\u00e3o penal.\n<\/p>\n<p>Zucco critica Guilherme Boulos por minimizar gravidade do caso<br \/>Zucco tamb\u00e9m criticou o deputado federal Guilherme Boulos (Psol-SP) na Comiss\u00e3o de \u00c9tica. Ele acusou o psolista de minimizar a gravidade do caso ao defender que n\u00e3o houve pr\u00e1tica de \u201crachadinha\u201d. \u201cA confiss\u00e3o e o ressarcimento determinado pela PGR demonstram a exist\u00eancia do crime.\u201d\n<\/p>\n<p>De acordo com Zucco, a oposi\u00e7\u00e3o pretende pressionar a C\u00e2mara para avan\u00e7ar com um pedido de cassa\u00e7\u00e3o de Janones, mesmo com o acordo firmado. \u201cO desfecho do caso depender\u00e1 da tramita\u00e7\u00e3o no Conselho de \u00c9tica e do posicionamento dos demais parlamentares.\u201d\n<\/p>\n<p>Fonte: Revista Oeste              <\/p>\n<\/div>\n<p>                        <!-- Scripts para conteudo --><\/p>\n<p>            <!-- .\/Scripts para conteudo --><br \/>\n            <!-- .\/Mat\u00e9ria --><\/p>\n<div class=\"row mt-3\">\n<div class=\"col-sm-6\">\n                <!-- Whatsapp channel 3--><br \/>\n                <a href=\"https:\/\/chat.whatsapp.com\/B8Qy6Erx4kb6yTzj3kaDco\" target=\"_blank\"><br \/>\n                  <img decoding=\"async\" src=\"https:\/\/diariodobrasilnoticias.com.br\/assets-site\/images\/bot_whatsapp.png\"\/><\/a>\n              <\/div>\n<div class=\"col-sm-6\">\n                <a href=\"https:\/\/t.me\/+_4gTmi5LKo03OTM5\" target=\"_blank\"><br \/>\n                  <img decoding=\"async\" src=\"https:\/\/diariodobrasilnoticias.com.br\/assets-site\/images\/bot_telegram.png\"\/><\/a>\n              <\/div>\n<\/p><\/div>\n<p>            <!-- end post-navigation --><\/p>\n<p>              <!-- end row --><\/p>\n<p>              <!-- end col-12-->\n                      <\/div>\n<p><br \/>\n<br \/><a href=\"https:\/\/diariodobrasilnoticias.com.br\/noticia\/zucco-anuncia-medidas-contra-andre-janones-depois-de-acordo-com-a-pgr-67cb682ec3de7\">Source link <\/a><\/p>","protected":false},"excerpt":{"rendered":"<p>Foto: Mario Agra \/ C\u00e2mara dos Deputados O l\u00edder da oposi\u00e7\u00e3o na C\u00e2mara dos Deputados, deputado federal Luciano Zucco (PL-RS), anunciou que tomar\u00e1 medidas no Conselho de \u00c9tica contra o&hellip;<\/p>","protected":false},"author":1,"featured_media":109198,"comment_status":"closed","ping_status":"open","sticky":false,"template":"","format":"standard","meta":{"content-type":"","footnotes":""},"categories":[16],"tags":[123,2448,5313,1267],"class_list":["post-109197","post","type-post","status-publish","format-standard","has-post-thumbnail","hentry","category-noticias","tag-brasil","tag-diario","tag-noticia","tag-noticias"],"_links":{"self":[{"href":"https:\/\/tvbrazilusa.com\/pt\/wp-json\/wp\/v2\/posts\/109197","targetHints":{"allow":["GET"]}}],"collection":[{"href":"https:\/\/tvbrazilusa.com\/pt\/wp-json\/wp\/v2\/posts"}],"about":[{"href":"https:\/\/tvbrazilusa.com\/pt\/wp-json\/wp\/v2\/types\/post"}],"author":[{"embeddable":true,"href":"https:\/\/tvbrazilusa.com\/pt\/wp-json\/wp\/v2\/users\/1"}],"replies":[{"embeddable":true,"href":"https:\/\/tvbrazilusa.com\/pt\/wp-json\/wp\/v2\/comments?post=109197"}],"version-history":[{"count":1,"href":"https:\/\/tvbrazilusa.com\/pt\/wp-json\/wp\/v2\/posts\/109197\/revisions"}],"predecessor-version":[{"id":109199,"href":"https:\/\/tvbrazilusa.com\/pt\/wp-json\/wp\/v2\/posts\/109197\/revisions\/109199"}],"wp:featuredmedia":[{"embeddable":true,"href":"https:\/\/tvbrazilusa.com\/pt\/wp-json\/wp\/v2\/media\/109198"}],"wp:attachment":[{"href":"https:\/\/tvbrazilusa.com\/pt\/wp-json\/wp\/v2\/media?parent=109197"}],"wp:term":[{"taxonomy":"category","embeddable":true,"href":"https:\/\/tvbrazilusa.com\/pt\/wp-json\/wp\/v2\/categories?post=109197"},{"taxonomy":"post_tag","embeddable":true,"href":"https:\/\/tvbrazilusa.com\/pt\/wp-json\/wp\/v2\/tags?post=109197"}],"curies":[{"name":"wp","href":"https:\/\/api.w.org\/{rel}","templated":true}]}}