{"id":109206,"date":"2025-03-08T00:17:34","date_gmt":"2025-03-08T00:17:34","guid":{"rendered":"https:\/\/tvbrazilusa.com\/2025\/03\/08\/trump-diz-que-eua-nao-defenderao-paises-da-otan-caso-nao-contribuam-financeiramente\/"},"modified":"2025-03-08T00:17:36","modified_gmt":"2025-03-08T00:17:36","slug":"trump-diz-que-eua-nao-defenderao-paises-da-otan-caso-nao-contribuam-financeiramente","status":"publish","type":"post","link":"https:\/\/tvbrazilusa.com\/pt\/2025\/03\/08\/trump-diz-que-eua-nao-defenderao-paises-da-otan-caso-nao-contribuam-financeiramente\/","title":{"rendered":"Trump diz que EUA n\u00e3o defender\u00e3o pa\u00edses da Otan caso n\u00e3o contribuam financeiramente"},"content":{"rendered":"<p> <script async src=\"https:\/\/pagead2.googlesyndication.com\/pagead\/js\/adsbygoogle.js?client=ca-pub-8864793242727901\"\r\n     crossorigin=\"anonymous\"><\/script><br \/>\n<\/p>\n<div id=\"taboola-read-more\" style=\"display:block; width:100%\">\n<p>O presidente dos Estados Unidos, Donald Trump, declarou que o pa\u00eds pode n\u00e3o defender pa\u00edses membros da Organiza\u00e7\u00e3o do Tratado do Atl\u00e2ntico Norte (Otan) caso estes n\u00e3o contribuam financeiramente de forma justa.\n<\/p>\n<p>Trump afirmou que muitos pa\u00edses da alian\u00e7a militar ocidental ainda n\u00e3o investem adequadamente em suas defesas, o que ele v\u00ea como um desequil\u00edbrio nas responsabilidades.<\/p>\n<p>Em entrevista, quando perguntado sobre a defesa dos aliados que n\u00e3o pagam sua \u201cparte justa\u201d, o presidente foi categ\u00f3rico: \u201cSe eles n\u00e3o pagarem, eu n\u00e3o vou defend\u00ea-los. N\u00e3o, eu n\u00e3o vou defend\u00ea-los\u201d.\n<\/p>\n<p><strong>Trump interpela reciprocidade de apoio na Otan<\/strong>\n<\/p>\n<p>O presidente dos Estados Unidos sugeriu que essa postura n\u00e3o viola diretamente os compromissos da Otan, mas destacou sua preocupa\u00e7\u00e3o com a reciprocidade de apoio.\n<\/p>\n<p>Ele mencionou a Fran\u00e7a e outros pa\u00edses n\u00e3o especificados. \u201cVoc\u00ea acha que eles v\u00e3o vir e nos proteger? Hmm\u201d ironizou. \u201cEles deveriam. Eu n\u00e3o tenho tanta certeza\u201d.\n<\/p>\n<p>Apesar de suas cr\u00edticas, Trump reconheceu que a Otan pode ser uma alian\u00e7a ben\u00e9fica, mas defendeu uma gest\u00e3o mais equitativa.\n<\/p>\n<p>\u201cEu vejo a Otan como potencialmente boa, mas voc\u00ea tem que ter, voc\u00ea tem que ter um bom pensamento na Otan. \u00c9 muito injusto o que est\u00e1 acontecendo\u201d.\n<\/p>\n<p>A Otan \u00e9 uma alian\u00e7a militar formada em 1949 para garantir a seguran\u00e7a coletiva de seus membros, principalmente contra amea\u00e7as externas. Composta por 32 pa\u00edses, incluindo Estados Unidos, Canad\u00e1, Reino Unido, Fran\u00e7a, Alemanha, It\u00e1lia e outras na\u00e7\u00f5es da Europa e Am\u00e9rica do Norte, a organiza\u00e7\u00e3o opera com o princ\u00edpio de defesa m\u00fatua, onde um ataque a um membro \u00e9 considerado um ataque a todos.\n<\/p>\n<p>Ao longo dos anos, a Otan expandiu sua atua\u00e7\u00e3o para al\u00e9m da defesa territorial, participando de miss\u00f5es de paz e combate ao terrorismo em v\u00e1rias partes do mundo.\n<\/p>\n<p>Fonte: Revista Oeste              <\/p>\n<\/div>\n<p><br \/>\n<br \/><a href=\"https:\/\/diariodobrasilnoticias.com.br\/noticia\/trump-diz-que-eua-nao-defenderao-paises-da-otan-caso-nao-contribuam-financeiramente-67cb6898b1920\">Source link <\/a><\/p>","protected":false},"excerpt":{"rendered":"<p>O presidente dos Estados Unidos, Donald Trump, declarou que o pa\u00eds pode n\u00e3o defender pa\u00edses membros da Organiza\u00e7\u00e3o do Tratado do Atl\u00e2ntico Norte (Otan) caso estes n\u00e3o contribuam financeiramente de&hellip;<\/p>","protected":false},"author":1,"featured_media":109207,"comment_status":"closed","ping_status":"open","sticky":false,"template":"","format":"standard","meta":{"content-type":"","footnotes":""},"categories":[16],"tags":[123,2448,5313,1267],"class_list":["post-109206","post","type-post","status-publish","format-standard","has-post-thumbnail","hentry","category-noticias","tag-brasil","tag-diario","tag-noticia","tag-noticias"],"_links":{"self":[{"href":"https:\/\/tvbrazilusa.com\/pt\/wp-json\/wp\/v2\/posts\/109206","targetHints":{"allow":["GET"]}}],"collection":[{"href":"https:\/\/tvbrazilusa.com\/pt\/wp-json\/wp\/v2\/posts"}],"about":[{"href":"https:\/\/tvbrazilusa.com\/pt\/wp-json\/wp\/v2\/types\/post"}],"author":[{"embeddable":true,"href":"https:\/\/tvbrazilusa.com\/pt\/wp-json\/wp\/v2\/users\/1"}],"replies":[{"embeddable":true,"href":"https:\/\/tvbrazilusa.com\/pt\/wp-json\/wp\/v2\/comments?post=109206"}],"version-history":[{"count":1,"href":"https:\/\/tvbrazilusa.com\/pt\/wp-json\/wp\/v2\/posts\/109206\/revisions"}],"predecessor-version":[{"id":109208,"href":"https:\/\/tvbrazilusa.com\/pt\/wp-json\/wp\/v2\/posts\/109206\/revisions\/109208"}],"wp:featuredmedia":[{"embeddable":true,"href":"https:\/\/tvbrazilusa.com\/pt\/wp-json\/wp\/v2\/media\/109207"}],"wp:attachment":[{"href":"https:\/\/tvbrazilusa.com\/pt\/wp-json\/wp\/v2\/media?parent=109206"}],"wp:term":[{"taxonomy":"category","embeddable":true,"href":"https:\/\/tvbrazilusa.com\/pt\/wp-json\/wp\/v2\/categories?post=109206"},{"taxonomy":"post_tag","embeddable":true,"href":"https:\/\/tvbrazilusa.com\/pt\/wp-json\/wp\/v2\/tags?post=109206"}],"curies":[{"name":"wp","href":"https:\/\/api.w.org\/{rel}","templated":true}]}}