{"id":109218,"date":"2025-03-08T01:11:16","date_gmt":"2025-03-08T01:11:16","guid":{"rendered":"https:\/\/tvbrazilusa.com\/2025\/03\/08\/governo-lula-vai-gastar-valor-astronomico-com-manutencao-de-um-unico-carro-oficial\/"},"modified":"2025-03-08T01:11:18","modified_gmt":"2025-03-08T01:11:18","slug":"governo-lula-vai-gastar-valor-astronomico-com-manutencao-de-um-unico-carro-oficial","status":"publish","type":"post","link":"https:\/\/tvbrazilusa.com\/pt\/2025\/03\/08\/governo-lula-vai-gastar-valor-astronomico-com-manutencao-de-um-unico-carro-oficial\/","title":{"rendered":"Governo Lula vai gastar valor astron\u00f3mico com manuten\u00e7\u00e3o de um \u00fanico carro oficial"},"content":{"rendered":"<p> <script async src=\"https:\/\/pagead2.googlesyndication.com\/pagead\/js\/adsbygoogle.js?client=ca-pub-8864793242727901\"\r\n     crossorigin=\"anonymous\"><\/script><br \/>\n<\/p>\n<div id=\"taboola-read-more\" style=\"display:block; width:100%\">\n<p>A Superintend\u00eancia Regional de Administra\u00e7\u00e3o da 1\u00aa Regi\u00e3o da Advocacia-Geral da Uni\u00e3o (AGU) pretende gastar 518 mil reais, por um per\u00edodo de um ano, com a manuten\u00e7\u00e3o de um \u00fanico ve\u00edculo oficial \u2013 um Caoa Cherry Tiggo 8, motor 1.6 TDI, ano 2023.\n<\/p>\n<p>A informa\u00e7\u00e3o consta em um extrato de contrato publicado nesta sexta-feira, 6, no Di\u00e1rio Oficial da Uni\u00e3o.<\/p>\n<p>A manuten\u00e7\u00e3o do ve\u00edculo oficial ficar\u00e1 a cargo da empresa Yellow Mountain Distribuidora de Veiculos Ltda. Nesse contrato, est\u00e3o inclusos os \u201cservi\u00e7os mec\u00e2nicos, el\u00e9tricos, de lanternagem, pintura e capotaria entre outros, e, o fornecimento de materiais, pe\u00e7as e acess\u00f3rios de reposi\u00e7\u00e3o genu\u00ednos, e, ainda, lubrificantes destinados ao referido ve\u00edculo\u201d.<\/p>\n<p>O carro em quest\u00e3o \u00e9 um ano 2022\/2023 e est\u00e1 registrado em nome do Minist\u00e9rio da Justi\u00e7a e da Seguran\u00e7a P\u00fablica conforme documentos obtidos por O Antagonista. O valor da tabela Fipe do carro \u00e9 de 148 mil reais. Ou seja, por um ano de contrato, o governo federal est\u00e1 pagando tr\u00eas vezes mais que o valor do ve\u00edculo usado na manuten\u00e7\u00e3o dele.\n<\/p>\n<p>Em m\u00e9dia, conforme o extrato de contrato, a Uni\u00e3o vai pagar 43 mil reais ao m\u00eas para custear esse \u00fanico ve\u00edculo oficial que, conforme dito acima, est\u00e1 em uso da 1\u00aa Regi\u00e3o da AGU.\n<\/p>\n<p>E se voc\u00ea n\u00e3o acredita no contrato, eis ele na vers\u00e3o certificada do Di\u00e1rio Oficial.\n<\/p>\n<p>Fonte: O Antagonista\u00a0              <\/p>\n<\/div>\n<p><br \/>\n<br \/><a href=\"https:\/\/diariodobrasilnoticias.com.br\/noticia\/governo-lula-vai-gastar-valor-astronomico-com-manutencao-de-um-unico-carro-oficial-67cb6c345359f\">Source link <\/a><\/p>","protected":false},"excerpt":{"rendered":"<p>A Superintend\u00eancia Regional de Administra\u00e7\u00e3o da 1\u00aa Regi\u00e3o da Advocacia-Geral da Uni\u00e3o (AGU) pretende gastar 518 mil reais, por um per\u00edodo de um ano, com a manuten\u00e7\u00e3o de um \u00fanico&hellip;<\/p>","protected":false},"author":1,"featured_media":109219,"comment_status":"closed","ping_status":"open","sticky":false,"template":"","format":"standard","meta":{"content-type":"","footnotes":""},"categories":[16],"tags":[123,2448,5313,1267],"class_list":["post-109218","post","type-post","status-publish","format-standard","has-post-thumbnail","hentry","category-noticias","tag-brasil","tag-diario","tag-noticia","tag-noticias"],"_links":{"self":[{"href":"https:\/\/tvbrazilusa.com\/pt\/wp-json\/wp\/v2\/posts\/109218","targetHints":{"allow":["GET"]}}],"collection":[{"href":"https:\/\/tvbrazilusa.com\/pt\/wp-json\/wp\/v2\/posts"}],"about":[{"href":"https:\/\/tvbrazilusa.com\/pt\/wp-json\/wp\/v2\/types\/post"}],"author":[{"embeddable":true,"href":"https:\/\/tvbrazilusa.com\/pt\/wp-json\/wp\/v2\/users\/1"}],"replies":[{"embeddable":true,"href":"https:\/\/tvbrazilusa.com\/pt\/wp-json\/wp\/v2\/comments?post=109218"}],"version-history":[{"count":1,"href":"https:\/\/tvbrazilusa.com\/pt\/wp-json\/wp\/v2\/posts\/109218\/revisions"}],"predecessor-version":[{"id":109220,"href":"https:\/\/tvbrazilusa.com\/pt\/wp-json\/wp\/v2\/posts\/109218\/revisions\/109220"}],"wp:featuredmedia":[{"embeddable":true,"href":"https:\/\/tvbrazilusa.com\/pt\/wp-json\/wp\/v2\/media\/109219"}],"wp:attachment":[{"href":"https:\/\/tvbrazilusa.com\/pt\/wp-json\/wp\/v2\/media?parent=109218"}],"wp:term":[{"taxonomy":"category","embeddable":true,"href":"https:\/\/tvbrazilusa.com\/pt\/wp-json\/wp\/v2\/categories?post=109218"},{"taxonomy":"post_tag","embeddable":true,"href":"https:\/\/tvbrazilusa.com\/pt\/wp-json\/wp\/v2\/tags?post=109218"}],"curies":[{"name":"wp","href":"https:\/\/api.w.org\/{rel}","templated":true}]}}