{"id":10930,"date":"2024-07-29T01:00:00","date_gmt":"2024-07-29T01:00:00","guid":{"rendered":"https:\/\/tvbrazilusa.com\/2024\/07\/29\/frente-fria-atinge-o-sul-do-brasil-com-intensidade\/"},"modified":"2024-07-29T03:40:04","modified_gmt":"2024-07-29T03:40:04","slug":"frente-fria-atinge-o-sul-do-brasil-com-intensidade","status":"publish","type":"post","link":"https:\/\/tvbrazilusa.com\/pt\/2024\/07\/29\/frente-fria-atinge-o-sul-do-brasil-com-intensidade\/","title":{"rendered":"Frente fria atinge o Sul do Brasil com intensidade"},"content":{"rendered":"<p> <script async src=\"https:\/\/pagead2.googlesyndication.com\/pagead\/js\/adsbygoogle.js?client=ca-pub-8864793242727901\"\r\n     crossorigin=\"anonymous\"><\/script><br \/>\n<\/p>\n<div>\n<p>Neste domingo, uma nova frente fria vai avan\u00e7ar pelo sul do Brasil, trazendo mudan\u00e7as clim\u00e1ticas significativas e marcando o fim da sequ\u00eancia de dias quentes. O sistema, que se desloca de maneira mais continental, trar\u00e1 chuvas de volta ao Cone Sul do pa\u00eds. prepare-se para altera\u00e7\u00f5es bruscas no clima.<\/p>\n<p>O fen\u00f4meno meteorol\u00f3gico trar\u00e1 uma queda nas temperaturas, al\u00e9m de provocar chuvas intensas e aumento de nebulosidade. Estima-se que Porto Alegre e outras regi\u00f5es do Rio Grande do Sul ser\u00e3o as primeiras a sentir os efeitos dessa mudan\u00e7a clim\u00e1tica, com previs\u00e3o de temporais em boa parte do estado.<\/p>\n<h2 class=\"wp-block-heading\">Nova Frente Fria Traz Consequ\u00eancias ao Clima<\/h2>\n<p>No domingo, a frente fria atingir\u00e1 o Rio Grande do Sul, aumentando a nebulosidade e trazendo previs\u00e3o de temporais para a faixa centro-norte do estado, incluindo a capital, Porto Alegre. O fen\u00f4meno ser\u00e1 sentido inicialmente por volta da manh\u00e3, se intensificando ao longo do dia.<\/p>\n<p>Na segunda-feira, a frente fria se deslocar\u00e1 para Santa Catarina, onde h\u00e1 um alerta de temporais em todo o territ\u00f3rio ao longo do dia. As autoridades j\u00e1 alertam para poss\u00edveis enchentes e alagamentos devido \u00e0s fortes chuvas previstas.<\/p>\n<div class=\"wp-block-image\">\n<figure class=\"aligncenter size-full is-resized\"><picture decoding=\"async\" class=\"wp-image-161840\" style=\"width:956px;height:auto\"><source type=\"image\/webp\" srcset=\"https:\/\/terrabrasilnoticias.com\/wp-content\/uploads\/2024\/07\/Chuva_na_floresta_amazonica_Manaus_Amazonas_Brasil.jpg.webp 720w, https:\/\/terrabrasilnoticias.com\/wp-content\/uploads\/2024\/07\/Chuva_na_floresta_amazonica_Manaus_Amazonas_Brasil-300x233.jpg.webp 300w\" sizes=\"(max-width: 720px) 100vw, 720px\"\/><\/picture><figcaption class=\"wp-element-caption\">Foto: Lucia Barreiros da Silva <\/figcaption><\/figure>\n<\/div>\n<h2 class=\"wp-block-heading\">O que Esperar da Passagem da Frente Fria no Sul?<\/h2>\n<p>A previs\u00e3o \u00e9 de que, ap\u00f3s a passagem da frente fria, uma massa de ar polar ingresse na regi\u00e3o j\u00e1 no domingo, causando uma queda nas temperaturas no sul do Brasil. A redu\u00e7\u00e3o mais expressiva nas temperaturas ser\u00e1 sentida na segunda-feira, quando os term\u00f4metros podem registrar m\u00ednimas significativas.<\/p>\n<ul class=\"wp-block-list\">\n<li><strong>Queda nas temperaturas:<\/strong>\u00a0A massa de ar polar ser\u00e1 respons\u00e1vel por uma redu\u00e7\u00e3o acentuada nas temperaturas, principalmente em \u00e1reas mais afetadas como a serra ga\u00facha.<\/li>\n<li><strong>Alta nebulosidade:<\/strong>\u00a0O aumento da nebulosidade ser\u00e1 uma caracter\u00edstica marcante durante a passagem da frente fria, obscurecendo o c\u00e9u e trazendo chuvas inst\u00e1veis.<\/li>\n<li><strong>Risco de temporais:<\/strong>\u00a0Regi\u00f5es como Santa Catarina devem ficar em alerta m\u00e1ximo para temporais ao longo de toda a segunda-feira.<\/li>\n<\/ul>\n<h2 class=\"wp-block-heading\">Impactos na Agricultura e na Economia Local<\/h2>\n<p>A frente fria e a consequente massa de ar polar dever\u00e3o impactar tamb\u00e9m aspectos econ\u00f4micos, agr\u00edcolas e log\u00edsticos na regi\u00e3o Sul. A agricultura pode sofrer perdas devido ao excesso de chuva e \u00e0 queda brusca das temperaturas, afetando planta\u00e7\u00f5es sens\u00edveis ao frio extremo.<\/p>\n<p>Al\u00e9m disso, o fluxo de ve\u00edculos nas estradas pode ser comprometido, especialmente em localidades montanhosas onde h\u00e1 o risco de nevoeiros e chuvas intensas, prejudicando a visibilidade e a seguran\u00e7a dos motoristas.<\/p>\n<p>Portanto, a frente fria que se aproxima trar\u00e1 mudan\u00e7as significativas tanto no clima quanto na rotina dos moradores da regi\u00e3o Sul do Brasil. A aten\u00e7\u00e3o deve ser redobrada para enfrentar com seguran\u00e7a os pr\u00f3ximos dias de instabilidade clim\u00e1tica.<\/p>\n<\/p><\/div>\n<p><br \/>\n<br \/><a href=\"https:\/\/terrabrasilnoticias.com\/2024\/07\/frente-fria-atinge-o-sul-do-brasil-com-intensidade\/\">Source link <\/a><\/p>","protected":false},"excerpt":{"rendered":"<p>Neste domingo, uma nova frente fria vai avan\u00e7ar pelo sul do Brasil, trazendo mudan\u00e7as clim\u00e1ticas significativas e marcando o fim da sequ\u00eancia de dias quentes. O sistema, que se desloca&hellip;<\/p>","protected":false},"author":1,"featured_media":10931,"comment_status":"closed","ping_status":"open","sticky":false,"template":"","format":"standard","meta":{"content-type":"","footnotes":""},"categories":[16],"tags":[3690,1360,3691,3692,3693],"class_list":["post-10930","post","type-post","status-publish","format-standard","has-post-thumbnail","hentry","category-noticias","tag-chuvas","tag-clima","tag-frente-fria","tag-sul-do-brasil","tag-temperatura"],"_links":{"self":[{"href":"https:\/\/tvbrazilusa.com\/pt\/wp-json\/wp\/v2\/posts\/10930","targetHints":{"allow":["GET"]}}],"collection":[{"href":"https:\/\/tvbrazilusa.com\/pt\/wp-json\/wp\/v2\/posts"}],"about":[{"href":"https:\/\/tvbrazilusa.com\/pt\/wp-json\/wp\/v2\/types\/post"}],"author":[{"embeddable":true,"href":"https:\/\/tvbrazilusa.com\/pt\/wp-json\/wp\/v2\/users\/1"}],"replies":[{"embeddable":true,"href":"https:\/\/tvbrazilusa.com\/pt\/wp-json\/wp\/v2\/comments?post=10930"}],"version-history":[{"count":1,"href":"https:\/\/tvbrazilusa.com\/pt\/wp-json\/wp\/v2\/posts\/10930\/revisions"}],"predecessor-version":[{"id":10932,"href":"https:\/\/tvbrazilusa.com\/pt\/wp-json\/wp\/v2\/posts\/10930\/revisions\/10932"}],"wp:featuredmedia":[{"embeddable":true,"href":"https:\/\/tvbrazilusa.com\/pt\/wp-json\/wp\/v2\/media\/10931"}],"wp:attachment":[{"href":"https:\/\/tvbrazilusa.com\/pt\/wp-json\/wp\/v2\/media?parent=10930"}],"wp:term":[{"taxonomy":"category","embeddable":true,"href":"https:\/\/tvbrazilusa.com\/pt\/wp-json\/wp\/v2\/categories?post=10930"},{"taxonomy":"post_tag","embeddable":true,"href":"https:\/\/tvbrazilusa.com\/pt\/wp-json\/wp\/v2\/tags?post=10930"}],"curies":[{"name":"wp","href":"https:\/\/api.w.org\/{rel}","templated":true}]}}