{"id":109364,"date":"2025-03-08T16:00:51","date_gmt":"2025-03-08T16:00:51","guid":{"rendered":"https:\/\/tvbrazilusa.com\/2025\/03\/08\/defesas-de-acusados-do-8-1-e-enviada-a-pgr-por-moraes-saiba-o-que-acontece-agora\/"},"modified":"2025-03-08T16:00:52","modified_gmt":"2025-03-08T16:00:52","slug":"defesas-de-acusados-do-8-1-e-enviada-a-pgr-por-moraes-saiba-o-que-acontece-agora","status":"publish","type":"post","link":"https:\/\/tvbrazilusa.com\/pt\/2025\/03\/08\/defesas-de-acusados-do-8-1-e-enviada-a-pgr-por-moraes-saiba-o-que-acontece-agora\/","title":{"rendered":"Defesas de acusados do 8\/1 \u00e9 enviada a PGR por Moraes; saiba o que acontece agora"},"content":{"rendered":"<p> <script async src=\"https:\/\/pagead2.googlesyndication.com\/pagead\/js\/adsbygoogle.js?client=ca-pub-8864793242727901\"\r\n     crossorigin=\"anonymous\"><\/script><br \/>\n<\/p>\n<div id=\"taboola-read-more\" style=\"display:block; width:100%\">\n<p>O ministro Alexandre de Moraes, do Supremo Tribunal Federal (STF), enviou \u00e0 Procuradoria-Geral da Rep\u00fablica (PGR) as contesta\u00e7\u00f5es das defesas dos acusados pela tentativa de golpe de Estado.\n<\/p>\n<p>Moraes fez a remessa em um \u201cbloco \u00fanico\u201d, quando todas as peti\u00e7\u00f5es das defesas foram protocoladas, o que aconteceu na noite de sexta-feira.<\/p>\n<p>Agora, o procurador-geral da Rep\u00fablica, Paulo Gonet, tem cinco dias para se manifestar. O prazo come\u00e7a a contar segunda-feira e vai at\u00e9 sexta.\n<\/p>\n<p>Depois, o caso estar\u00e1 liberado para julgamento, o que deve ocorrer ainda no m\u00eas de mar\u00e7o, segundo proje\u00e7\u00f5es de fontes do Supremo.\n<\/p>\n<p>A data da an\u00e1lise do caso na Primeira Turma do STF cabe ao ministro Cristiano Zanin, presidente do colegiado. A expectativa \u00e9 de que, t\u00e3o logo Moraes libere o processo, este seja pautado.\n<\/p>\n<p>O chamado \u201cn\u00facleo 1\u201d da den\u00fancia da PGR \u00e9 considerado o \u201cn\u00facleo crucial da organiza\u00e7\u00e3o criminosa\u201d que, segundo Gonet, planejava dar um golpe de Estado em 2022.\n<\/p>\n<p>Nesse n\u00facleo est\u00e3o o ex-presidente Jair Bolsonaro e os ex-ministros Walter Braga Netto (Casa Civil), Paulo S\u00e9rgio Nogueira (Defesa), Anderson Torres (Justi\u00e7a) e Augusto Heleno (GSI).\n<\/p>\n<p>Tamb\u00e9m foram acusados o ex-diretor da Ag\u00eancia Brasileira de Intelig\u00eancia (Abin) Alexandre Ramagem, o ex-comandante da Marinha Almir Garnier e o ex-ajudante de ordens de Bolsonaro, Mauro Cid.\n<\/p>\n<p>Cid fechou acordo de colabora\u00e7\u00e3o premiada com a Pol\u00edcia Federal (PF) e foi uma pe\u00e7a-chave para o desenrolar das investiga\u00e7\u00f5es. Se condenado, ele deve ter acesso a benef\u00edcios firmados na dela\u00e7\u00e3o.\n<\/p>\n<p>CNN Brasil\n<\/p>\n<p>Fonte: Blog do BG              <\/p>\n<\/div>\n<p><br \/>\n<br \/><a href=\"https:\/\/diariodobrasilnoticias.com.br\/noticia\/defesas-de-acusados-do-8-1-e-enviada-a-pgr-por-moraes-saiba-o-que-acontece-agora-67cc471192b82\">Source link <\/a><\/p>","protected":false},"excerpt":{"rendered":"<p>O ministro Alexandre de Moraes, do Supremo Tribunal Federal (STF), enviou \u00e0 Procuradoria-Geral da Rep\u00fablica (PGR) as contesta\u00e7\u00f5es das defesas dos acusados pela tentativa de golpe de Estado. Moraes fez&hellip;<\/p>","protected":false},"author":1,"featured_media":109365,"comment_status":"closed","ping_status":"open","sticky":false,"template":"","format":"standard","meta":{"content-type":"","footnotes":""},"categories":[16],"tags":[123,2448,5313,1267],"class_list":["post-109364","post","type-post","status-publish","format-standard","has-post-thumbnail","hentry","category-noticias","tag-brasil","tag-diario","tag-noticia","tag-noticias"],"_links":{"self":[{"href":"https:\/\/tvbrazilusa.com\/pt\/wp-json\/wp\/v2\/posts\/109364","targetHints":{"allow":["GET"]}}],"collection":[{"href":"https:\/\/tvbrazilusa.com\/pt\/wp-json\/wp\/v2\/posts"}],"about":[{"href":"https:\/\/tvbrazilusa.com\/pt\/wp-json\/wp\/v2\/types\/post"}],"author":[{"embeddable":true,"href":"https:\/\/tvbrazilusa.com\/pt\/wp-json\/wp\/v2\/users\/1"}],"replies":[{"embeddable":true,"href":"https:\/\/tvbrazilusa.com\/pt\/wp-json\/wp\/v2\/comments?post=109364"}],"version-history":[{"count":1,"href":"https:\/\/tvbrazilusa.com\/pt\/wp-json\/wp\/v2\/posts\/109364\/revisions"}],"predecessor-version":[{"id":109366,"href":"https:\/\/tvbrazilusa.com\/pt\/wp-json\/wp\/v2\/posts\/109364\/revisions\/109366"}],"wp:featuredmedia":[{"embeddable":true,"href":"https:\/\/tvbrazilusa.com\/pt\/wp-json\/wp\/v2\/media\/109365"}],"wp:attachment":[{"href":"https:\/\/tvbrazilusa.com\/pt\/wp-json\/wp\/v2\/media?parent=109364"}],"wp:term":[{"taxonomy":"category","embeddable":true,"href":"https:\/\/tvbrazilusa.com\/pt\/wp-json\/wp\/v2\/categories?post=109364"},{"taxonomy":"post_tag","embeddable":true,"href":"https:\/\/tvbrazilusa.com\/pt\/wp-json\/wp\/v2\/tags?post=109364"}],"curies":[{"name":"wp","href":"https:\/\/api.w.org\/{rel}","templated":true}]}}