{"id":109391,"date":"2025-03-08T18:06:46","date_gmt":"2025-03-08T18:06:46","guid":{"rendered":"https:\/\/tvbrazilusa.com\/2025\/03\/08\/inelegiveis-projeto-tramitando-no-senado-pode-favorecer-politicos-condenados-pela-justica-eleitoral-entenda\/"},"modified":"2025-03-08T18:06:48","modified_gmt":"2025-03-08T18:06:48","slug":"inelegiveis-projeto-tramitando-no-senado-pode-favorecer-politicos-condenados-pela-justica-eleitoral-entenda","status":"publish","type":"post","link":"https:\/\/tvbrazilusa.com\/pt\/2025\/03\/08\/inelegiveis-projeto-tramitando-no-senado-pode-favorecer-politicos-condenados-pela-justica-eleitoral-entenda\/","title":{"rendered":"INELEG\u00cdVEIS: Projeto tramitando no Senado pode favorecer pol\u00edticos condenados pela Justi\u00e7a Eleitoral; entenda"},"content":{"rendered":"<p> <script async src=\"https:\/\/pagead2.googlesyndication.com\/pagead\/js\/adsbygoogle.js?client=ca-pub-8864793242727901\"\r\n     crossorigin=\"anonymous\"><\/script><br \/>\n<\/p>\n<div id=\"taboola-read-more\" style=\"display:block; width:100%\">\n<p>Os prazos de inelegibilidade poder\u00e3o ficar mais curtos para pol\u00edticos condenados pela Justi\u00e7a Eleitoral ou por crimes que tenham como consequ\u00eancia a proibi\u00e7\u00e3o de disputar elei\u00e7\u00f5es. \u00c9 o que prop\u00f5e o projeto de lei complementar 192 de 2023, que altera a marca\u00e7\u00e3o de in\u00edcio da contagem do prazo e a dura\u00e7\u00e3o da inelegibilidade.\n<\/p>\n<p>A proposta foi aprovada na C\u00e2mara e na CCJ (Comiss\u00e3o de Constitui\u00e7\u00e3o e Justi\u00e7a) do Senado. Agora, aguarda vota\u00e7\u00e3o do plen\u00e1rio da Casa Alta. Se aprovada sem altera\u00e7\u00f5es, seguir\u00e1 para san\u00e7\u00e3o.<\/p>\n<p>O relator, senador Weverton Rocha (PDT-MA), afirma que a proposta acaba com distor\u00e7\u00f5es e assegura isonomia.\n<\/p>\n<p>\u201cO PLP confere maior objetividade e seguran\u00e7a jur\u00eddica nas fixa\u00e7\u00f5es dos termos iniciais e finais de contagem e que, em alguns casos, decretavam a morte pol\u00edtica da pessoa \u00e0 perpetuidade na pr\u00e1tica da restri\u00e7\u00e3o imposta\u201d, diz o congressista.\n<\/p>\n<p>Atualmente, por causa do per\u00edodo entre as elei\u00e7\u00f5es, na pr\u00e1tica, o impedimento de um condenado se candidatar pode ultrapassar os 8 anos.\n<\/p>\n<p>A proposta altera a Lei de Inelegibilidade (lei complementar 64 de 1990) para que o per\u00edodo de veda\u00e7\u00e3o de candidatura passe a ser \u00fanico, de 8 anos contados a partir das seguintes datas, conforme o caso:\n<\/p>\n<p>decis\u00e3o judicial que decretar a perda do mandato;\n<\/p>\n<p>elei\u00e7\u00e3o na qual ocorreu pr\u00e1tica abusiva;\n<\/p>\n<p>condena\u00e7\u00e3o por \u00f3rg\u00e3o colegiado;\n<\/p>\n<p>ren\u00fancia ao cargo eletivo.\n<\/p>\n<p>Se aprovadas pelo plen\u00e1rio sem altera\u00e7\u00e3o no texto da C\u00e2mara, as novas regras poder\u00e3o ser aplicadas imediatamente depois da san\u00e7\u00e3o presidencial e, caso sejam mais ben\u00e9ficas nos casos concretos, at\u00e9 mesmo para condena\u00e7\u00f5es j\u00e1 existentes.\n<\/p>\n<p>Fonte: Poder360              <\/p>\n<\/div>\n<p><br \/>\n<br \/><a href=\"https:\/\/diariodobrasilnoticias.com.br\/noticia\/inelegiveis-projeto-tramitando-no-senado-pode-favorecer-politicos-condenados-pela-justica-eleitoral-entenda-67cc64a150d80\">Source link <\/a><\/p>","protected":false},"excerpt":{"rendered":"<p>Os prazos de inelegibilidade poder\u00e3o ficar mais curtos para pol\u00edticos condenados pela Justi\u00e7a Eleitoral ou por crimes que tenham como consequ\u00eancia a proibi\u00e7\u00e3o de disputar elei\u00e7\u00f5es. \u00c9 o que prop\u00f5e&hellip;<\/p>","protected":false},"author":1,"featured_media":109392,"comment_status":"closed","ping_status":"open","sticky":false,"template":"","format":"standard","meta":{"content-type":"","footnotes":""},"categories":[16],"tags":[123,2448,5313,1267],"class_list":["post-109391","post","type-post","status-publish","format-standard","has-post-thumbnail","hentry","category-noticias","tag-brasil","tag-diario","tag-noticia","tag-noticias"],"_links":{"self":[{"href":"https:\/\/tvbrazilusa.com\/pt\/wp-json\/wp\/v2\/posts\/109391","targetHints":{"allow":["GET"]}}],"collection":[{"href":"https:\/\/tvbrazilusa.com\/pt\/wp-json\/wp\/v2\/posts"}],"about":[{"href":"https:\/\/tvbrazilusa.com\/pt\/wp-json\/wp\/v2\/types\/post"}],"author":[{"embeddable":true,"href":"https:\/\/tvbrazilusa.com\/pt\/wp-json\/wp\/v2\/users\/1"}],"replies":[{"embeddable":true,"href":"https:\/\/tvbrazilusa.com\/pt\/wp-json\/wp\/v2\/comments?post=109391"}],"version-history":[{"count":1,"href":"https:\/\/tvbrazilusa.com\/pt\/wp-json\/wp\/v2\/posts\/109391\/revisions"}],"predecessor-version":[{"id":109393,"href":"https:\/\/tvbrazilusa.com\/pt\/wp-json\/wp\/v2\/posts\/109391\/revisions\/109393"}],"wp:featuredmedia":[{"embeddable":true,"href":"https:\/\/tvbrazilusa.com\/pt\/wp-json\/wp\/v2\/media\/109392"}],"wp:attachment":[{"href":"https:\/\/tvbrazilusa.com\/pt\/wp-json\/wp\/v2\/media?parent=109391"}],"wp:term":[{"taxonomy":"category","embeddable":true,"href":"https:\/\/tvbrazilusa.com\/pt\/wp-json\/wp\/v2\/categories?post=109391"},{"taxonomy":"post_tag","embeddable":true,"href":"https:\/\/tvbrazilusa.com\/pt\/wp-json\/wp\/v2\/tags?post=109391"}],"curies":[{"name":"wp","href":"https:\/\/api.w.org\/{rel}","templated":true}]}}