{"id":109394,"date":"2025-03-08T18:19:45","date_gmt":"2025-03-08T18:19:45","guid":{"rendered":"https:\/\/tvbrazilusa.com\/2025\/03\/08\/calor-faz-com-que-o-brasil-estabeleca-novo-recorde-de-consumo-de-energia-veja-os-dados\/"},"modified":"2025-03-08T18:19:46","modified_gmt":"2025-03-08T18:19:46","slug":"calor-faz-com-que-o-brasil-estabeleca-novo-recorde-de-consumo-de-energia-veja-os-dados","status":"publish","type":"post","link":"https:\/\/tvbrazilusa.com\/pt\/2025\/03\/08\/calor-faz-com-que-o-brasil-estabeleca-novo-recorde-de-consumo-de-energia-veja-os-dados\/","title":{"rendered":"Calor faz com que o Brasil estabele\u00e7a novo recorde de consumo de energia; veja os dados"},"content":{"rendered":"<p> <script async src=\"https:\/\/pagead2.googlesyndication.com\/pagead\/js\/adsbygoogle.js?client=ca-pub-8864793242727901\"\r\n     crossorigin=\"anonymous\"><\/script><br \/>\n<\/p>\n<div id=\"taboola-read-more\" style=\"display:block; width:100%\">\n<p>Fevereiro de 2025 foi 1,59 \u00b0C acima da m\u00e9dia estimada de 1850\u20131900 usada para definir o n\u00edvel pr\u00e9-industrial. Tamb\u00e9m foi o 19\u00ba m\u00eas, nos \u00faltimos 20 meses, em que a temperatura m\u00e9dia global do ar na superf\u00edcie foi mais de 1,5 \u00b0C acima do n\u00edvel pr\u00e9-industrial.\n<\/p>\n<p>O limite de aquecimento de 1,5 \u00b0C estabelecido pelo Acordo de Paris, e j\u00e1 ultrapassado, foi definido a partir da an\u00e1lise de diversas simula\u00e7\u00f5es feitas sobre os efeitos que isso poderia gerar. Considerou-se que esse limite ainda seria administr\u00e1vel em rela\u00e7\u00e3o \u00e0s consequ\u00eancias dos eventos clim\u00e1ticos extremos.<\/p>\n<p>Ao ultrapassar de maneira cont\u00ednua o limite de 1,5\u202f\u00b0C, estamos adentrando em um cen\u00e1rio onde administrar as consequ\u00eancias das anomalias clim\u00e1ticas severas fica cada vez mais dif\u00edcil.\n<\/p>\n<p><strong>Consumo de energia<\/strong>\n<\/p>\n<p>Em janeiro deste ano, o Brasil atingiu um novo marco hist\u00f3rico de consumo de energia [Consumo de energia bate recorde]. Em 24 de janeiro, o consumo chegou a 102.740 MWh\/h. Na semana encerrada no dia 28\/02, o consumo m\u00e1ximo chegou a 106.100 MWh\/h.\n<\/p>\n<p>Esse consumo ocorre no meio da tarde, nos hor\u00e1rios de temperatura mais elevada, pelo maior uso de aparelhos de ar-condicionado, climatizadores, circuladores de ar e ventiladores.\n<\/p>\n<p>Portanto, n\u00e3o se descarta a possibilidade de que esse valor seja superado pelo consumo nos primeiros dias de mar\u00e7o, pois somente na pr\u00f3xima semana uma frente fria e uma frente polar que se segue dever\u00e3o reduzir as temperaturas nas regi\u00f5es sul, sudeste e parte do centro-oeste.\n<\/p>\n<p><strong>Pode faltar energia?<\/strong>\n<\/p>\n<p>Com sucessivos recordes de consumo sendo batidos, \u00e9 natural que se questione sobre a capacidade de nosso sistema de gera\u00e7\u00e3o dar conta de um maior consumo. Quanto a isso, podemos ficar tranquilos, pois temos fontes diversificadas e em condi\u00e7\u00f5es de atender a essa demanda.\n<\/p>\n<p>Tamb\u00e9m temos boa infraestrutura de linhas de transmiss\u00e3o, embora investimentos sejam necess\u00e1rios para melhor aproveitarmos a gera\u00e7\u00e3o e\u00f3lica que ocorre no Nordeste. O fato de nosso sistema de gera\u00e7\u00e3o e transmiss\u00e3o ser quase que todo integrado constitui-se em um importante recurso que permite transferir excedentes de energia para regi\u00f5es que tenham maior demanda.\n<\/p>\n<p>O ponto fr\u00e1gil pode estar em alguns sistemas de distribui\u00e7\u00e3o, a parte final que leva a energia das linhas de transmiss\u00e3o para o consumidor. Podem ocorrer falhas pontuais, caso as empresas de distribui\u00e7\u00e3o n\u00e3o tenham feito investimentos para atender a essa maior demanda.\n<\/p>\n<p>Fonte: CNN              <\/p>\n<\/div>\n<p><br \/>\n<br \/><a href=\"https:\/\/diariodobrasilnoticias.com.br\/noticia\/calor-faz-com-que-o-brasil-estabeleca-novo-recorde-de-consumo-de-energia-veja-os-dados-67cc6785f0ce7\">Source link <\/a><\/p>","protected":false},"excerpt":{"rendered":"<p>Fevereiro de 2025 foi 1,59 \u00b0C acima da m\u00e9dia estimada de 1850\u20131900 usada para definir o n\u00edvel pr\u00e9-industrial. Tamb\u00e9m foi o 19\u00ba m\u00eas, nos \u00faltimos 20 meses, em que a&hellip;<\/p>","protected":false},"author":1,"featured_media":109395,"comment_status":"closed","ping_status":"open","sticky":false,"template":"","format":"standard","meta":{"content-type":"","footnotes":""},"categories":[16],"tags":[123,2448,5313,1267],"class_list":["post-109394","post","type-post","status-publish","format-standard","has-post-thumbnail","hentry","category-noticias","tag-brasil","tag-diario","tag-noticia","tag-noticias"],"_links":{"self":[{"href":"https:\/\/tvbrazilusa.com\/pt\/wp-json\/wp\/v2\/posts\/109394","targetHints":{"allow":["GET"]}}],"collection":[{"href":"https:\/\/tvbrazilusa.com\/pt\/wp-json\/wp\/v2\/posts"}],"about":[{"href":"https:\/\/tvbrazilusa.com\/pt\/wp-json\/wp\/v2\/types\/post"}],"author":[{"embeddable":true,"href":"https:\/\/tvbrazilusa.com\/pt\/wp-json\/wp\/v2\/users\/1"}],"replies":[{"embeddable":true,"href":"https:\/\/tvbrazilusa.com\/pt\/wp-json\/wp\/v2\/comments?post=109394"}],"version-history":[{"count":1,"href":"https:\/\/tvbrazilusa.com\/pt\/wp-json\/wp\/v2\/posts\/109394\/revisions"}],"predecessor-version":[{"id":109396,"href":"https:\/\/tvbrazilusa.com\/pt\/wp-json\/wp\/v2\/posts\/109394\/revisions\/109396"}],"wp:featuredmedia":[{"embeddable":true,"href":"https:\/\/tvbrazilusa.com\/pt\/wp-json\/wp\/v2\/media\/109395"}],"wp:attachment":[{"href":"https:\/\/tvbrazilusa.com\/pt\/wp-json\/wp\/v2\/media?parent=109394"}],"wp:term":[{"taxonomy":"category","embeddable":true,"href":"https:\/\/tvbrazilusa.com\/pt\/wp-json\/wp\/v2\/categories?post=109394"},{"taxonomy":"post_tag","embeddable":true,"href":"https:\/\/tvbrazilusa.com\/pt\/wp-json\/wp\/v2\/tags?post=109394"}],"curies":[{"name":"wp","href":"https:\/\/api.w.org\/{rel}","templated":true}]}}