{"id":109400,"date":"2025-03-08T18:43:33","date_gmt":"2025-03-08T18:43:33","guid":{"rendered":"https:\/\/tvbrazilusa.com\/2025\/03\/08\/presidente-afastado-da-coreia-do-sul-deixa-a-prisao-saiba-qual-havia-sido-o-motivo-da-sua-prisao\/"},"modified":"2025-03-08T18:43:35","modified_gmt":"2025-03-08T18:43:35","slug":"presidente-afastado-da-coreia-do-sul-deixa-a-prisao-saiba-qual-havia-sido-o-motivo-da-sua-prisao","status":"publish","type":"post","link":"https:\/\/tvbrazilusa.com\/pt\/2025\/03\/08\/presidente-afastado-da-coreia-do-sul-deixa-a-prisao-saiba-qual-havia-sido-o-motivo-da-sua-prisao\/","title":{"rendered":"Presidente afastado da Coreia do Sul deixa a pris\u00e3o; saiba qual havia sido o motivo da sua pris\u00e3o"},"content":{"rendered":"<p> <script async src=\"https:\/\/pagead2.googlesyndication.com\/pagead\/js\/adsbygoogle.js?client=ca-pub-8864793242727901\"\r\n     crossorigin=\"anonymous\"><\/script><br \/>\n<\/p>\n<div id=\"taboola-read-more\" style=\"display:block; width:100%\">\n<p>O presidente afastado da Coreia do Sul, Yoon Suk Yeol, deixou a pris\u00e3o neste s\u00e1bado (8), de acordo com a ag\u00eancia de not\u00edcias Reuters, com base em informa\u00e7\u00f5es de ve\u00edculos sul-coreanos. Ele estava preso desde o dia 15 de janeiro acusado de insurrei\u00e7\u00e3o.\n<\/p>\n<p>Na sexta-feira (7), a Justi\u00e7a da Coreia do Sul havia suspendido o mandado de pris\u00e3o contra Yoon. Os promotores poderiam recorrer da decis\u00e3o, na tentativa de manter o presidente preso, mas desistiram, segundo a ag\u00eancia.<\/p>\n<p>Yoon permanece suspenso de suas fun\u00e7\u00f5es. O caso criminal \u00e9 separado de seu julgamento de impeachment, no qual o Tribunal Constitucional deve decidir nos pr\u00f3ximos dias se o reintegra ou o remove de vez do cargo.\n<\/p>\n<p>&#8220;Antes de mais nada, gostaria de agradecer ao Tribunal Distrital Central pela coragem e determina\u00e7\u00e3o em corrigir a ilegalidade&#8221;, disse Yoon em um comunicado.<br \/>Os advogados dele afirmaram que a decis\u00e3o do tribunal &#8220;confirmou que a deten\u00e7\u00e3o do presidente foi problem\u00e1tica&#8221;, chamando a decis\u00e3o de &#8220;in\u00edcio de uma jornada para restaurar o estado de direito&#8221;.\n<\/p>\n<p><strong>Lei marcial e pris\u00e3o<\/strong>\n<\/p>\n<p>Em dezembro, ele publicou um decreto de lei marcial que restringia direitos civis e fecharia o parlamento, mas a medida foi derrubada horas depois da imposi\u00e7\u00e3o.\n<\/p>\n<p>No fim de janeiro, promotores da Coreia do Sul indiciaram o presidente afastado por insurrei\u00e7\u00e3o, que \u00e9 uma das poucas acusa\u00e7\u00f5es criminais das quais um presidente no pa\u00eds n\u00e3o tem imunidade. O crime \u00e9 pun\u00edvel com pris\u00e3o perp\u00e9tua ou morto, embora ningu\u00e9m tenha sido executado por esse crime em d\u00e9cadas.\n<\/p>\n<p>Desde que foi preso, Yoon estava em confinamento solit\u00e1rio. Ele foi detido no \u00e2mbito da investiga\u00e7\u00e3o que apura as acusa\u00e7\u00f5es de insurrei\u00e7\u00e3o, ap\u00f3s duas semanas de tentativas de pris\u00e3o.\n<\/p>\n<p>Ainda em dezembro, o Congresso aprovou a abertura de um processo de impeachment contra Yoon. Desde ent\u00e3o, ele est\u00e1 afastado, e a Suprema Corte est\u00e1 analisando se ele deve perder o cargo de forma definitiva.\n<\/p>\n<p>Os advogados de Yoon j\u00e1 tinham pedido aos promotores que libertassem o presidente afastado por entender que ele est\u00e1 preso ilegalmente.\n<\/p>\n<p>Em uma audi\u00eancia do Tribunal Constitucional em janeiro, Yoon e seus advogados argumentaram que ele nunca teve a inten\u00e7\u00e3o de impor totalmente a lei marcial, mas apenas pretendia que as medidas fossem um aviso para quebrar o impasse pol\u00edtico.\n<\/p>\n<p>Fonte: g1\n              <\/p>\n<\/div>\n<p><br \/>\n<br \/><a href=\"https:\/\/diariodobrasilnoticias.com.br\/noticia\/presidente-afastado-da-coreia-do-sul-deixa-a-prisao-saiba-qual-havia-sido-o-motivo-da-sua-prisao-67cc689a5cabe\">Source link <\/a><\/p>","protected":false},"excerpt":{"rendered":"<p>O presidente afastado da Coreia do Sul, Yoon Suk Yeol, deixou a pris\u00e3o neste s\u00e1bado (8), de acordo com a ag\u00eancia de not\u00edcias Reuters, com base em informa\u00e7\u00f5es de ve\u00edculos&hellip;<\/p>","protected":false},"author":1,"featured_media":109401,"comment_status":"closed","ping_status":"open","sticky":false,"template":"","format":"standard","meta":{"content-type":"","footnotes":""},"categories":[16],"tags":[123,2448,5313,1267],"class_list":["post-109400","post","type-post","status-publish","format-standard","has-post-thumbnail","hentry","category-noticias","tag-brasil","tag-diario","tag-noticia","tag-noticias"],"_links":{"self":[{"href":"https:\/\/tvbrazilusa.com\/pt\/wp-json\/wp\/v2\/posts\/109400","targetHints":{"allow":["GET"]}}],"collection":[{"href":"https:\/\/tvbrazilusa.com\/pt\/wp-json\/wp\/v2\/posts"}],"about":[{"href":"https:\/\/tvbrazilusa.com\/pt\/wp-json\/wp\/v2\/types\/post"}],"author":[{"embeddable":true,"href":"https:\/\/tvbrazilusa.com\/pt\/wp-json\/wp\/v2\/users\/1"}],"replies":[{"embeddable":true,"href":"https:\/\/tvbrazilusa.com\/pt\/wp-json\/wp\/v2\/comments?post=109400"}],"version-history":[{"count":1,"href":"https:\/\/tvbrazilusa.com\/pt\/wp-json\/wp\/v2\/posts\/109400\/revisions"}],"predecessor-version":[{"id":109402,"href":"https:\/\/tvbrazilusa.com\/pt\/wp-json\/wp\/v2\/posts\/109400\/revisions\/109402"}],"wp:featuredmedia":[{"embeddable":true,"href":"https:\/\/tvbrazilusa.com\/pt\/wp-json\/wp\/v2\/media\/109401"}],"wp:attachment":[{"href":"https:\/\/tvbrazilusa.com\/pt\/wp-json\/wp\/v2\/media?parent=109400"}],"wp:term":[{"taxonomy":"category","embeddable":true,"href":"https:\/\/tvbrazilusa.com\/pt\/wp-json\/wp\/v2\/categories?post=109400"},{"taxonomy":"post_tag","embeddable":true,"href":"https:\/\/tvbrazilusa.com\/pt\/wp-json\/wp\/v2\/tags?post=109400"}],"curies":[{"name":"wp","href":"https:\/\/api.w.org\/{rel}","templated":true}]}}