{"id":109478,"date":"2025-03-08T23:56:10","date_gmt":"2025-03-08T23:56:10","guid":{"rendered":"https:\/\/tvbrazilusa.com\/2025\/03\/08\/jovem-consumiu-drogas-antes-de-agredir-tia-e-incendiar-barracos-video\/"},"modified":"2025-03-08T23:56:12","modified_gmt":"2025-03-08T23:56:12","slug":"jovem-consumiu-drogas-antes-de-agredir-tia-e-incendiar-barracos-video","status":"publish","type":"post","link":"https:\/\/tvbrazilusa.com\/pt\/2025\/03\/08\/jovem-consumiu-drogas-antes-de-agredir-tia-e-incendiar-barracos-video\/","title":{"rendered":"Jovem consumiu drogas antes de agredir tia e incendiar barracos; v\u00eddeo"},"content":{"rendered":"<p> <script async src=\"https:\/\/pagead2.googlesyndication.com\/pagead\/js\/adsbygoogle.js?client=ca-pub-8864793242727901\"\r\n     crossorigin=\"anonymous\"><\/script><br \/>\n<\/p>\n<p>O jovem, de 24 anos, preso\u00a0<a href=\"https:\/\/www.metropoles.com\/distrito-federal\/suspeito-e-preso-apos-incendiar-barracos-agredir-e-xingar-mulher\">suspeito de agredir a tia e incendiar o barraco<\/a>\u00a0onde moravam havia consumido drogas antes de cometer os crimes. O caso ocorreu na Quadra 406 do Recanto das Emas, na madrugada deste s\u00e1bado (8\/3).\n<\/p>\n<div>\n<p data-gtm-vis-recent-on-screen104869357_94=\"20562\" data-gtm-vis-first-on-screen104869357_94=\"20562\" data-gtm-vis-total-visible-time104869357_94=\"100\" data-gtm-vis-has-fired104869357_94=\"1\">Em depoimento, a v\u00edtima relatou que o sobrinho tomou um medicamento para ins\u00f4nia e, tamb\u00e9m, fez uso de maconha. Depois, teria ido dormir.<\/p>\n<p>\u00a0<\/p>\n<p>Por volta das 5h30, o rapaz acordou bastante agitado e acusou a tia e o companheiro dela de terem roubado o aparelho celular.\n<\/p>\n<p><strong>Veja imagens do inc\u00eandio:<\/strong>\n<\/p>\n<p><iframe title=\"Inc\u00eandio destr\u00f3i barracos no Recanto das Emas.mp4\" src=\"https:\/\/cdn.jwplayer.com\/players\/MeXaqvnE-65fVsHCx.html\" width=\"100%\" height=\"100%\" frameborder=\"0\" scrolling=\"auto\" allowfullscreen=\"allowfullscreen\" data-mce-fragment=\"1\"><\/iframe><\/p>\n<p>Diante disso, ele teria passado a agredir a tia e a xing\u00e1-la. A mulher contou que o sobrinho deu tapas e chutou a cabe\u00e7a dela. O companheiro da v\u00edtima tentou intervir, mas acabou sendo atacado tamb\u00e9m.\n<\/p>\n<p>Em meio \u00e0 confus\u00e3o, o agressor teria colocado as v\u00edtimas para fora da resid\u00eancia e ateou fogo ao local, fugindo em seguida.\n<\/p>\n<p>O casal conseguiu pedir socorro para uma viatura da Pol\u00edcia Militar do DF que passava pelo local naquele momento. Os policiais iniciaram as buscas e localizaram o suspeito na vizinhan\u00e7a.\n<\/p>\n<p>O Corpo de Bombeiros Militar (CBMDF) foi acionado para conter as chamas, mas o inc\u00eandio acabou destruindo cinco barracos.\n<\/p>\n<p>O local foi isolado, e a per\u00edcia acionada para os procedimentos necess\u00e1rios. O suspeito foi conduzido \u00e0 27\u00aa Delegacia de Pol\u00edcia (Recanto das Emas).\n<\/p>\n<p>De acordo com a PMDF, o jovem estava muito agressivo e a todo o momento amea\u00e7ou a v\u00edtima. O homem foi autuado por les\u00e3o corporal, inc\u00eandio criminoso, vias de fato e amea\u00e7a no contexto da Lei Maria da Penha.\n<\/p>\n<p>A v\u00edtima requereu medidas protetivas de urg\u00eancia contra o sobrinho. De acordo com o delegado-chefe da 27\u00aa DP, Fernando Fernandes, o casal perdeu tudo no inc\u00eandio.\n<\/p>\n<p>\u201cEstamos tentando junto \u00e0 Secretaria de Desenvolvimento Social um abrigo e um apoio social para esse casal\u201d, afirmou o delegado.\n<\/p>\n<p>O inc\u00eandio que atingiu barracos no Recanto das Emas n\u00e3o deixou feridos, segundo o CBMDF.\n<\/p>\n<div class=\"m-banner-wrap m-banner-rectangle m-publicity-content-middle\">\n<p>Com informa\u00e7\u00f5es metr\u00f3poles<\/p>\n<\/div>\n<p><strong>\u00a0<\/strong>\n<\/p>\n<\/div>\n<p><br \/>\n<br \/><a href=\"https:\/\/diariodobrasilnoticias.com.br\/noticia\/jovem-consumiu-drogas-antes-de-agredir-tia-e-incendiar-barracos-video-67ccab51175b4\">Source link <\/a><\/p>","protected":false},"excerpt":{"rendered":"<p>O jovem, de 24 anos, preso\u00a0suspeito de agredir a tia e incendiar o barraco\u00a0onde moravam havia consumido drogas antes de cometer os crimes. O caso ocorreu na Quadra 406 do&hellip;<\/p>","protected":false},"author":1,"featured_media":109479,"comment_status":"closed","ping_status":"open","sticky":false,"template":"","format":"standard","meta":{"content-type":"","footnotes":""},"categories":[16],"tags":[123,2448,5313,1267],"class_list":["post-109478","post","type-post","status-publish","format-standard","has-post-thumbnail","hentry","category-noticias","tag-brasil","tag-diario","tag-noticia","tag-noticias"],"_links":{"self":[{"href":"https:\/\/tvbrazilusa.com\/pt\/wp-json\/wp\/v2\/posts\/109478","targetHints":{"allow":["GET"]}}],"collection":[{"href":"https:\/\/tvbrazilusa.com\/pt\/wp-json\/wp\/v2\/posts"}],"about":[{"href":"https:\/\/tvbrazilusa.com\/pt\/wp-json\/wp\/v2\/types\/post"}],"author":[{"embeddable":true,"href":"https:\/\/tvbrazilusa.com\/pt\/wp-json\/wp\/v2\/users\/1"}],"replies":[{"embeddable":true,"href":"https:\/\/tvbrazilusa.com\/pt\/wp-json\/wp\/v2\/comments?post=109478"}],"version-history":[{"count":1,"href":"https:\/\/tvbrazilusa.com\/pt\/wp-json\/wp\/v2\/posts\/109478\/revisions"}],"predecessor-version":[{"id":109480,"href":"https:\/\/tvbrazilusa.com\/pt\/wp-json\/wp\/v2\/posts\/109478\/revisions\/109480"}],"wp:featuredmedia":[{"embeddable":true,"href":"https:\/\/tvbrazilusa.com\/pt\/wp-json\/wp\/v2\/media\/109479"}],"wp:attachment":[{"href":"https:\/\/tvbrazilusa.com\/pt\/wp-json\/wp\/v2\/media?parent=109478"}],"wp:term":[{"taxonomy":"category","embeddable":true,"href":"https:\/\/tvbrazilusa.com\/pt\/wp-json\/wp\/v2\/categories?post=109478"},{"taxonomy":"post_tag","embeddable":true,"href":"https:\/\/tvbrazilusa.com\/pt\/wp-json\/wp\/v2\/tags?post=109478"}],"curies":[{"name":"wp","href":"https:\/\/api.w.org\/{rel}","templated":true}]}}