{"id":109481,"date":"2025-03-09T00:08:43","date_gmt":"2025-03-09T00:08:43","guid":{"rendered":"https:\/\/tvbrazilusa.com\/2025\/03\/09\/presidente-do-pt-visa-reverter-baixa-popularidade-de-lula\/"},"modified":"2025-03-09T00:08:44","modified_gmt":"2025-03-09T00:08:44","slug":"presidente-do-pt-visa-reverter-baixa-popularidade-de-lula","status":"publish","type":"post","link":"https:\/\/tvbrazilusa.com\/pt\/2025\/03\/09\/presidente-do-pt-visa-reverter-baixa-popularidade-de-lula\/","title":{"rendered":"Presidente do PT visa reverter baixa popularidade de Lula"},"content":{"rendered":"<p> <script async src=\"https:\/\/pagead2.googlesyndication.com\/pagead\/js\/adsbygoogle.js?client=ca-pub-8864793242727901\"\r\n     crossorigin=\"anonymous\"><\/script><br \/>\n<\/p>\n<div id=\"r89-desktop-incontent-1\" data-google-query-id=\"CJSvtey0-4sDFXQu-wMdSogTiw\">\n<p>A exemplo de Lula, que enfrenta o pior per\u00edodo de todos os seus mandatos, o PT vive uma crise, dividido em v\u00e1rias alas que n\u00e3o se entendem sobre os rumos do partido e do governo. H\u00e1 os que pregam uma guinada \u00e0 esquerda e outros que defendem a necessidade de di\u00e1logo com todos os setores para p\u00f4r fim \u00e0 polariza\u00e7\u00e3o no pa\u00eds.\n<\/p>\n<p>O ex-prefeito de Araraquara Edinho Silva \u00e9 o favorito de Lula para comandar o PT a partir de julho, mas sua candidatura tem enfrentado resist\u00eancias em seu pr\u00f3prio grupo pol\u00edtico justamente por ele propor mais di\u00e1logo e menos enfrentamento. Com o racha, uma ala do PT quer agora que Humberto entre na disputa com Edinho, em julho, mas, at\u00e9 o momento, ele n\u00e3o manifestou interesse nesse duelo.\n<\/p>\n<p><strong>COMPROMISSO<\/strong><br \/>\u2013 O meu compromisso \u00e9 de um mandato-tamp\u00e3o, at\u00e9 para que eu possa cumprir a minha principal responsabilidade, que \u00e9 a de tentar fazer com que esse processo de elei\u00e7\u00e3o interna se d\u00ea de forma democr\u00e1tica e seja de mobiliza\u00e7\u00e3o nacional dos nossos filiados. Queremos fortalecer j\u00e1 o partido para a disputa de 2026 \u2013 disse Humberto.\n<\/p>\n<p>Na reuni\u00e3o da Executiva Nacional do PT, apenas a tend\u00eancia Articula\u00e7\u00e3o de Esquerda abriu diverg\u00eancia sobre o m\u00e9todo de escolha de Humberto. Nat\u00e1lia Sena, representante da corrente, registrou em ata que a prerrogativa de escolher o sucessor de Gleisi deveria caber, desde j\u00e1, ao Diret\u00f3rio Nacional, uma vez que o PT tem cinco vice-presidentes, sem hierarquia entre eles. Humberto \u00e9 um desses nomes.\n<\/p>\n<p>\u2013 A convoca\u00e7\u00e3o de uma reuni\u00e3o da Executiva do PT para homologar um nome escolhido pela CNB (corrente Construindo um Novo Brasil) n\u00e3o \u00e9 um \u201cgesto nobre\u201d; na verdade, \u00e9 um m\u00e9todo equivocado (\u2026) N\u00e3o ter feito isto \u00e9 tamb\u00e9m revelador da concep\u00e7\u00e3o de partido que prevalece na atual maioria \u2013 criticou a dirigente.\n<\/p>\n<p>A indica\u00e7\u00e3o de Humberto para assumir o PT como interino foi decidida na noite da \u00faltima quinta-feira (5), em reuni\u00e3o da CNB, que \u00e9 majorit\u00e1ria no partido. N\u00e3o houve vota\u00e7\u00e3o sobre a escolha na reuni\u00e3o da Executiva. A CNB \u00e9 a tend\u00eancia de Lula, Gleisi, Humberto, Edinho e da maior parte dos ministros do PT que integram a Esplanada, como Fernando Haddad (Fazenda).\n<\/p>\n<p>O l\u00edder do governo na C\u00e2mara, Jos\u00e9 Guimar\u00e3es (PT-CE), tamb\u00e9m \u00e9 um dos vice-presidentes do partido e chegou a ter o nome citado para a vaga de Gleisi, mas o grupo de Lula optou por Humberto. Ao que tudo indica, Guimar\u00e3es permanecer\u00e1 como l\u00edder do governo na C\u00e2mara.<\/p>\n<p>\u00a0<\/p>\n<p>Com informa\u00e7\u00f5es pleno news<\/p>\n<\/div>\n<p><br \/>\n<br \/><a href=\"https:\/\/diariodobrasilnoticias.com.br\/noticia\/presidente-do-pt-visa-reverter-baixa-popularidade-de-lula-67ccb58b10a12\">Source link <\/a><\/p>","protected":false},"excerpt":{"rendered":"<p>A exemplo de Lula, que enfrenta o pior per\u00edodo de todos os seus mandatos, o PT vive uma crise, dividido em v\u00e1rias alas que n\u00e3o se entendem sobre os rumos&hellip;<\/p>","protected":false},"author":1,"featured_media":109482,"comment_status":"closed","ping_status":"open","sticky":false,"template":"","format":"standard","meta":{"content-type":"","footnotes":""},"categories":[16],"tags":[123,2448,5313,1267],"class_list":["post-109481","post","type-post","status-publish","format-standard","has-post-thumbnail","hentry","category-noticias","tag-brasil","tag-diario","tag-noticia","tag-noticias"],"_links":{"self":[{"href":"https:\/\/tvbrazilusa.com\/pt\/wp-json\/wp\/v2\/posts\/109481","targetHints":{"allow":["GET"]}}],"collection":[{"href":"https:\/\/tvbrazilusa.com\/pt\/wp-json\/wp\/v2\/posts"}],"about":[{"href":"https:\/\/tvbrazilusa.com\/pt\/wp-json\/wp\/v2\/types\/post"}],"author":[{"embeddable":true,"href":"https:\/\/tvbrazilusa.com\/pt\/wp-json\/wp\/v2\/users\/1"}],"replies":[{"embeddable":true,"href":"https:\/\/tvbrazilusa.com\/pt\/wp-json\/wp\/v2\/comments?post=109481"}],"version-history":[{"count":1,"href":"https:\/\/tvbrazilusa.com\/pt\/wp-json\/wp\/v2\/posts\/109481\/revisions"}],"predecessor-version":[{"id":109483,"href":"https:\/\/tvbrazilusa.com\/pt\/wp-json\/wp\/v2\/posts\/109481\/revisions\/109483"}],"wp:featuredmedia":[{"embeddable":true,"href":"https:\/\/tvbrazilusa.com\/pt\/wp-json\/wp\/v2\/media\/109482"}],"wp:attachment":[{"href":"https:\/\/tvbrazilusa.com\/pt\/wp-json\/wp\/v2\/media?parent=109481"}],"wp:term":[{"taxonomy":"category","embeddable":true,"href":"https:\/\/tvbrazilusa.com\/pt\/wp-json\/wp\/v2\/categories?post=109481"},{"taxonomy":"post_tag","embeddable":true,"href":"https:\/\/tvbrazilusa.com\/pt\/wp-json\/wp\/v2\/tags?post=109481"}],"curies":[{"name":"wp","href":"https:\/\/api.w.org\/{rel}","templated":true}]}}