{"id":109490,"date":"2025-03-09T00:34:36","date_gmt":"2025-03-09T00:34:36","guid":{"rendered":"https:\/\/tvbrazilusa.com\/2025\/03\/09\/mulher-e-assassinada-a-facadas-no-dia-8-de-marco-em-al-namorado-e-procurado-como-suspeito-de-feminicidio\/"},"modified":"2025-03-09T00:34:37","modified_gmt":"2025-03-09T00:34:37","slug":"mulher-e-assassinada-a-facadas-no-dia-8-de-marco-em-al-namorado-e-procurado-como-suspeito-de-feminicidio","status":"publish","type":"post","link":"https:\/\/tvbrazilusa.com\/pt\/2025\/03\/09\/mulher-e-assassinada-a-facadas-no-dia-8-de-marco-em-al-namorado-e-procurado-como-suspeito-de-feminicidio\/","title":{"rendered":"Mulher \u00e9 assassinada a facadas no dia 8 de mar\u00e7o em AL; namorado \u00e9 procurado como suspeito de feminic\u00eddio"},"content":{"rendered":"<p> <script async src=\"https:\/\/pagead2.googlesyndication.com\/pagead\/js\/adsbygoogle.js?client=ca-pub-8864793242727901\"\r\n     crossorigin=\"anonymous\"><\/script><br \/>\n<br \/>Mulher \u00e9 assassinada a facadas no dia 8 de mar\u00e7o em AL; namorado \u00e9 procurado como suspeito de feminic\u00eddio<br \/>\n<br \/><br \/>\n<br \/><a href=\"https:\/\/diariodobrasilnoticias.com.br\/noticia\/mulher-e-assassinada-a-facadas-no-dia-8-de-marco-em-al-namorado-e-procurado-como-suspeito-de-feminicidio-67ccb9c1ee146\">Source link <\/a><\/p>","protected":false},"excerpt":{"rendered":"<p>Mulher \u00e9 assassinada a facadas no dia 8 de mar\u00e7o em AL; namorado \u00e9 procurado como suspeito de feminic\u00eddio Source link<\/p>","protected":false},"author":1,"featured_media":109491,"comment_status":"closed","ping_status":"open","sticky":false,"template":"","format":"standard","meta":{"content-type":"","footnotes":""},"categories":[16],"tags":[123,2448,5313,1267],"class_list":["post-109490","post","type-post","status-publish","format-standard","has-post-thumbnail","hentry","category-noticias","tag-brasil","tag-diario","tag-noticia","tag-noticias"],"_links":{"self":[{"href":"https:\/\/tvbrazilusa.com\/pt\/wp-json\/wp\/v2\/posts\/109490","targetHints":{"allow":["GET"]}}],"collection":[{"href":"https:\/\/tvbrazilusa.com\/pt\/wp-json\/wp\/v2\/posts"}],"about":[{"href":"https:\/\/tvbrazilusa.com\/pt\/wp-json\/wp\/v2\/types\/post"}],"author":[{"embeddable":true,"href":"https:\/\/tvbrazilusa.com\/pt\/wp-json\/wp\/v2\/users\/1"}],"replies":[{"embeddable":true,"href":"https:\/\/tvbrazilusa.com\/pt\/wp-json\/wp\/v2\/comments?post=109490"}],"version-history":[{"count":1,"href":"https:\/\/tvbrazilusa.com\/pt\/wp-json\/wp\/v2\/posts\/109490\/revisions"}],"predecessor-version":[{"id":109492,"href":"https:\/\/tvbrazilusa.com\/pt\/wp-json\/wp\/v2\/posts\/109490\/revisions\/109492"}],"wp:featuredmedia":[{"embeddable":true,"href":"https:\/\/tvbrazilusa.com\/pt\/wp-json\/wp\/v2\/media\/109491"}],"wp:attachment":[{"href":"https:\/\/tvbrazilusa.com\/pt\/wp-json\/wp\/v2\/media?parent=109490"}],"wp:term":[{"taxonomy":"category","embeddable":true,"href":"https:\/\/tvbrazilusa.com\/pt\/wp-json\/wp\/v2\/categories?post=109490"},{"taxonomy":"post_tag","embeddable":true,"href":"https:\/\/tvbrazilusa.com\/pt\/wp-json\/wp\/v2\/tags?post=109490"}],"curies":[{"name":"wp","href":"https:\/\/api.w.org\/{rel}","templated":true}]}}