{"id":109493,"date":"2025-03-09T00:50:34","date_gmt":"2025-03-09T00:50:34","guid":{"rendered":"https:\/\/tvbrazilusa.com\/2025\/03\/09\/tj-ma-vai-comprar-50-iphones-16-pro-max-para-desembargadores\/"},"modified":"2025-03-09T00:50:36","modified_gmt":"2025-03-09T00:50:36","slug":"tj-ma-vai-comprar-50-iphones-16-pro-max-para-desembargadores","status":"publish","type":"post","link":"https:\/\/tvbrazilusa.com\/pt\/2025\/03\/09\/tj-ma-vai-comprar-50-iphones-16-pro-max-para-desembargadores\/","title":{"rendered":"TJ-MA vai comprar 50 iPhones 16 Pro Max para desembargadores"},"content":{"rendered":"<p> <script async src=\"https:\/\/pagead2.googlesyndication.com\/pagead\/js\/adsbygoogle.js?client=ca-pub-8864793242727901\"\r\n     crossorigin=\"anonymous\"><\/script><br \/>\n<\/p>\n<div>\n<figure class=\"post-image\">\n<\/figure>\n<p>            <span style=\"font-size: 12px\">g1Foto\/ Divulga\u00e7\u00e3o: Ribamar Pinheiro<\/span><\/p>\n<p>            <!-- end metas --><br \/>\n            <!-- ADS --><\/p>\n<div id=\"taboola-read-more\" style=\"display:block; width:100%\">\n<p>O\u00a0<strong>Tribunal de Justi\u00e7a do Maranh\u00e3o<\/strong>\u00a0(TJ-MA) pretende adquirir\u00a0<strong>50 unidades do iPhone 16 Pro Max<\/strong>, modelo mais avan\u00e7ado da Apple, em um preg\u00e3o eletr\u00f4nico marcado para a pr\u00f3xima quinta-feira, 13, diz o\u00a0<a href=\"https:\/\/noticias.uol.com.br\/colunas\/carlos-madeiro\/2025\/03\/08\/tj-ma-vai-comprar-iphones-top-de-linha-para-desembargadores-essenciais.htm\">Uol<\/a>. Segundo o edital de licita\u00e7\u00e3o, o custo estimado da compra \u00e9 de\u00a0<strong>R$ 573.399,50<\/strong>, com cada aparelho avaliado em\u00a0<strong>R$ 11.467,99<\/strong>.\n<\/p>\n<p>Os smartphones devem ser destinados aos\u00a0<strong>35 desembargadores do tribunal\u00a0<\/strong>e para futuras nomea\u00e7\u00f5es.\u00a0<\/p>\n<div class=\"ad-wrapper-div\">\n<p>A aquisi\u00e7\u00e3o tamb\u00e9m busca a\u00a0<em>\u201cpadroniza\u00e7\u00e3o tecnol\u00f3gica\u201d<\/em>, o que, segundo o TJ-MA, facilitaria a gest\u00e3o e o suporte t\u00e9cnico, reduzindo custos operacionais.\u00a0\n<\/p>\n<div class=\"ad-wrapper-div\">\n<p>O edital ainda argumenta que os\u00a0<strong>15 aparelhos excedentes serviriam para reposi\u00e7\u00e3o em casos de falhas t\u00e9cnicas, danos ou extravios<\/strong>, de forma a garantir a continuidade das atividades dos magistrados.\n<\/p>\n<h2 id=\"h-justificativas-e-orcamento\" class=\"wp-block-heading\"><strong>Justificativas e or\u00e7amento<\/strong><\/h2>\n<p>O tribunal afirma que, por se tratar de um registro de pre\u00e7os, a compra n\u00e3o \u00e9 obrigat\u00f3ria nem imediata, mas est\u00e1 prevista no or\u00e7amento anual do Judici\u00e1rio. O TJ-MA tem um or\u00e7amento de R$ 1,5 bilh\u00e3o para 2025, e\u00a0<strong>cada desembargador recebe um sal\u00e1rio base de R$ 41.845,49<\/strong>, sem contar benef\u00edcios adicionais.\n<\/p>\n<p>Em nota, a Corte afirma que os iPhones n\u00e3o s\u00e3o benef\u00edcios pessoais, mas \u201cferramentas de trabalho avan\u00e7adas\u201d para atividades como:\n<\/p>\n<ul>\n<li>Acesso mais r\u00e1pido a v\u00eddeos de audi\u00eancias e memoriais;<\/li>\n<li>Melhor qualidade em sess\u00f5es e audi\u00eancias virtuais;<\/li>\n<li>Maior fluidez no uso de sistemas processuais;<\/li>\n<li>Mobilidade para que magistrados possam atuar remotamente;<\/li>\n<li>Filmagens e coberturas para redes sociais institucionais.<\/li>\n<\/ul>\n<p>O tribunal ainda argumenta que a escolha do iPhone 16 Pro Max se baseia em crit\u00e9rios t\u00e9cnicos e na necessidade de acompanhar a evolu\u00e7\u00e3o tecnol\u00f3gica.\n<\/p>\n<p>Com informa\u00e7\u00f5es o antagonista\n<\/p>\n<\/div>\n<\/div><\/div>\n<p>                        <!-- Scripts para conteudo --><\/p>\n<p>            <!-- .\/Scripts para conteudo --><br \/>\n            <!-- .\/Mat\u00e9ria --><\/p>\n<div class=\"row mt-3\">\n<div class=\"col-sm-6\">\n                <!-- Whatsapp channel 3--><br \/>\n                <a href=\"https:\/\/chat.whatsapp.com\/B8Qy6Erx4kb6yTzj3kaDco\" target=\"_blank\"><br \/>\n                  <img decoding=\"async\" src=\"https:\/\/diariodobrasilnoticias.com.br\/assets-site\/images\/bot_whatsapp.png\"\/><\/a>\n              <\/div>\n<div class=\"col-sm-6\">\n                <a href=\"https:\/\/t.me\/+_4gTmi5LKo03OTM5\" target=\"_blank\"><br \/>\n                  <img decoding=\"async\" src=\"https:\/\/diariodobrasilnoticias.com.br\/assets-site\/images\/bot_telegram.png\"\/><\/a>\n              <\/div>\n<\/p><\/div>\n<p>            <!-- end post-navigation --><\/p>\n<p>              <!-- end row --><\/p>\n<p>              <!-- end col-12-->\n                      <\/div>\n<p><br \/>\n<br \/><a href=\"https:\/\/diariodobrasilnoticias.com.br\/noticia\/tj-ma-vai-comprar-50-iphones-16-pro-max-para-desembargadores-67ccbd87d0a0a\">Source link <\/a><\/p>","protected":false},"excerpt":{"rendered":"<p>g1Foto\/ Divulga\u00e7\u00e3o: Ribamar Pinheiro O\u00a0Tribunal de Justi\u00e7a do Maranh\u00e3o\u00a0(TJ-MA) pretende adquirir\u00a050 unidades do iPhone 16 Pro Max, modelo mais avan\u00e7ado da Apple, em um preg\u00e3o eletr\u00f4nico marcado para a pr\u00f3xima&hellip;<\/p>","protected":false},"author":1,"featured_media":109494,"comment_status":"closed","ping_status":"open","sticky":false,"template":"","format":"standard","meta":{"content-type":"","footnotes":""},"categories":[16],"tags":[123,2448,5313,1267],"class_list":["post-109493","post","type-post","status-publish","format-standard","has-post-thumbnail","hentry","category-noticias","tag-brasil","tag-diario","tag-noticia","tag-noticias"],"_links":{"self":[{"href":"https:\/\/tvbrazilusa.com\/pt\/wp-json\/wp\/v2\/posts\/109493","targetHints":{"allow":["GET"]}}],"collection":[{"href":"https:\/\/tvbrazilusa.com\/pt\/wp-json\/wp\/v2\/posts"}],"about":[{"href":"https:\/\/tvbrazilusa.com\/pt\/wp-json\/wp\/v2\/types\/post"}],"author":[{"embeddable":true,"href":"https:\/\/tvbrazilusa.com\/pt\/wp-json\/wp\/v2\/users\/1"}],"replies":[{"embeddable":true,"href":"https:\/\/tvbrazilusa.com\/pt\/wp-json\/wp\/v2\/comments?post=109493"}],"version-history":[{"count":1,"href":"https:\/\/tvbrazilusa.com\/pt\/wp-json\/wp\/v2\/posts\/109493\/revisions"}],"predecessor-version":[{"id":109495,"href":"https:\/\/tvbrazilusa.com\/pt\/wp-json\/wp\/v2\/posts\/109493\/revisions\/109495"}],"wp:featuredmedia":[{"embeddable":true,"href":"https:\/\/tvbrazilusa.com\/pt\/wp-json\/wp\/v2\/media\/109494"}],"wp:attachment":[{"href":"https:\/\/tvbrazilusa.com\/pt\/wp-json\/wp\/v2\/media?parent=109493"}],"wp:term":[{"taxonomy":"category","embeddable":true,"href":"https:\/\/tvbrazilusa.com\/pt\/wp-json\/wp\/v2\/categories?post=109493"},{"taxonomy":"post_tag","embeddable":true,"href":"https:\/\/tvbrazilusa.com\/pt\/wp-json\/wp\/v2\/tags?post=109493"}],"curies":[{"name":"wp","href":"https:\/\/api.w.org\/{rel}","templated":true}]}}