{"id":109499,"date":"2025-03-09T01:15:30","date_gmt":"2025-03-09T01:15:30","guid":{"rendered":"https:\/\/tvbrazilusa.com\/2025\/03\/09\/saiba-por-que-cleo-decidiu-nao-usar-mais-o-sobrenome-pires\/"},"modified":"2025-03-09T01:15:32","modified_gmt":"2025-03-09T01:15:32","slug":"saiba-por-que-cleo-decidiu-nao-usar-mais-o-sobrenome-pires","status":"publish","type":"post","link":"https:\/\/tvbrazilusa.com\/pt\/2025\/03\/09\/saiba-por-que-cleo-decidiu-nao-usar-mais-o-sobrenome-pires\/","title":{"rendered":"Saiba por que Cleo decidiu n\u00e3o usar mais o sobrenome Pires"},"content":{"rendered":"<p> <script async src=\"https:\/\/pagead2.googlesyndication.com\/pagead\/js\/adsbygoogle.js?client=ca-pub-8864793242727901\"\r\n     crossorigin=\"anonymous\"><\/script><br \/>\n<\/p>\n<div>\n<div id=\"div-gpt-ad-celebridades-quadrado-1\" class=\"ad-displayed\" data-gtm-vis-recent-on-screen104869357_328=\"33929\" data-gtm-vis-first-on-screen104869357_328=\"33929\" data-gtm-vis-total-visible-time104869357_328=\"100\" data-gtm-vis-has-fired104869357_328=\"1\" data-google-query-id=\"CIiEv7Op-4sDFdoB-wMdDWwY7g\">\n<h3>O que aconteceu?<\/h3>\n<ul>\n<li>Enquanto curtia o Carnaval, Cleo foi abordada por um rep\u00f3rter para falar sobre o evento.<\/li>\n<li>O rep\u00f3rter se referiu a ela como Cleo Pires, e n\u00e3o somente Cleo, seu nome art\u00edstico desde 2017.<\/li>\n<li>Cleo decidiu corrigir o jornalista e avisou: \u201cEu sou s\u00f3 Cleo\u201d.<\/li>\n<li>O momento viralizou nas redes sociais, e muitos internautas acusaram a cantora de causar um \u201cclim\u00e3o\u201d<\/li>\n<\/ul>\n<p data-gtm-vis-recent-on-screen104869357_94=\"59347\" data-gtm-vis-first-on-screen104869357_94=\"59347\" data-gtm-vis-total-visible-time104869357_94=\"100\" data-gtm-vis-has-fired104869357_94=\"1\">Cleo\u00a0<a href=\"https:\/\/www.metropoles.com\/colunas\/pipocando\/sem-pires-cleo-ex-pires-pede-que-parem-de-pesquisar-por-cleo-pires\">decidiu aposentar o sobrenome Pires do nome art\u00edstico em 2017<\/a>.<\/p>\n<p>\u00a0<\/p>\n<p>A mudan\u00e7a ocorreu porque ela queria trilhar o pr\u00f3prio caminho no mundo art\u00edstico.\n<\/p>\n<p>\u00c0 \u00e9poca, Cleo explicou que tem muito carinho pelo sobrenome da m\u00e3e, mas que sempre achou o nome dela forte por si s\u00f3. \u201cSempre amei meu nome, que minha m\u00e3e me deu e que significa gl\u00f3ria em grego\u201d, explicou ela \u00e0 revista Vip.\n<\/p>\n<p>Com informa\u00e7\u00f5es metr\u00f3poles\n<\/p>\n<\/div>\n<\/div>\n<p><br \/>\n<br \/><a href=\"https:\/\/diariodobrasilnoticias.com.br\/noticia\/saiba-por-que-cleo-decidiu-nao-usar-mais-o-sobrenome-pires-67cca8f564100\">Source link <\/a><\/p>","protected":false},"excerpt":{"rendered":"<p>O que aconteceu? Enquanto curtia o Carnaval, Cleo foi abordada por um rep\u00f3rter para falar sobre o evento. O rep\u00f3rter se referiu a ela como Cleo Pires, e n\u00e3o somente&hellip;<\/p>","protected":false},"author":1,"featured_media":109500,"comment_status":"closed","ping_status":"open","sticky":false,"template":"","format":"standard","meta":{"content-type":"","footnotes":""},"categories":[16],"tags":[123,2448,5313,1267],"class_list":["post-109499","post","type-post","status-publish","format-standard","has-post-thumbnail","hentry","category-noticias","tag-brasil","tag-diario","tag-noticia","tag-noticias"],"_links":{"self":[{"href":"https:\/\/tvbrazilusa.com\/pt\/wp-json\/wp\/v2\/posts\/109499","targetHints":{"allow":["GET"]}}],"collection":[{"href":"https:\/\/tvbrazilusa.com\/pt\/wp-json\/wp\/v2\/posts"}],"about":[{"href":"https:\/\/tvbrazilusa.com\/pt\/wp-json\/wp\/v2\/types\/post"}],"author":[{"embeddable":true,"href":"https:\/\/tvbrazilusa.com\/pt\/wp-json\/wp\/v2\/users\/1"}],"replies":[{"embeddable":true,"href":"https:\/\/tvbrazilusa.com\/pt\/wp-json\/wp\/v2\/comments?post=109499"}],"version-history":[{"count":1,"href":"https:\/\/tvbrazilusa.com\/pt\/wp-json\/wp\/v2\/posts\/109499\/revisions"}],"predecessor-version":[{"id":109501,"href":"https:\/\/tvbrazilusa.com\/pt\/wp-json\/wp\/v2\/posts\/109499\/revisions\/109501"}],"wp:featuredmedia":[{"embeddable":true,"href":"https:\/\/tvbrazilusa.com\/pt\/wp-json\/wp\/v2\/media\/109500"}],"wp:attachment":[{"href":"https:\/\/tvbrazilusa.com\/pt\/wp-json\/wp\/v2\/media?parent=109499"}],"wp:term":[{"taxonomy":"category","embeddable":true,"href":"https:\/\/tvbrazilusa.com\/pt\/wp-json\/wp\/v2\/categories?post=109499"},{"taxonomy":"post_tag","embeddable":true,"href":"https:\/\/tvbrazilusa.com\/pt\/wp-json\/wp\/v2\/tags?post=109499"}],"curies":[{"name":"wp","href":"https:\/\/api.w.org\/{rel}","templated":true}]}}