{"id":109513,"date":"2025-03-06T21:42:20","date_gmt":"2025-03-06T21:42:20","guid":{"rendered":"https:\/\/tvbrazilusa.com\/2025\/03\/06\/o-horario-de-verao-comeca-quando-trocar-seus-relogios-na-fl\/"},"modified":"2025-03-09T07:30:23","modified_gmt":"2025-03-09T07:30:23","slug":"o-horario-de-verao-comeca-quando-trocar-seus-relogios-na-fl","status":"publish","type":"post","link":"https:\/\/tvbrazilusa.com\/pt\/2025\/03\/06\/o-horario-de-verao-comeca-quando-trocar-seus-relogios-na-fl\/","title":{"rendered":"O hor\u00e1rio de ver\u00e3o come\u00e7a: quando trocar seus rel\u00f3gios na FL"},"content":{"rendered":"<p> <script async src=\"https:\/\/pagead2.googlesyndication.com\/pagead\/js\/adsbygoogle.js?client=ca-pub-8864793242727901\"\r\n     crossorigin=\"anonymous\"><\/script><br \/>\n<\/p>\n<div id=\"\">\n<div class=\"styles_HTMLContent__LDG2k\">\n<p>FLORIDA &#8211; O s\u00e1bado \u00e0 noite \u00e9 a noite &#8211; hora de colocar os rel\u00f3gios \u00e0 frente uma hora e aproveitar o p\u00f4r do sol mais tarde na Fl\u00f3rida com o in\u00edcio do hor\u00e1rio de ver\u00e3o \u00e0s 2 da manh\u00e3 de domingo, 9 de mar\u00e7o.<\/p>\n<\/div>\n<div class=\"styles_HTMLContent__LDG2k\">\n<p>Especialistas m\u00e9dicos dizem que o hor\u00e1rio de ver\u00e3o interrompe os ritmos circadianos naturais do corpo humano. Aumentos no risco de ataques card\u00edacos e derrames, dist\u00farbios do humor e acidentes de tr\u00e2nsito devido \u00e0 diminui\u00e7\u00e3o do alerta tamb\u00e9m est\u00e3o associados ao interruptor de tempo. Os pais dizem que isso sai da hora de dormir de seus filhos.<\/p>\n<p>Aqueles que discutem o hor\u00e1rio de ver\u00e3o citam o benef\u00edcio econ\u00f4mico de mais luz do dia \u00e0 noite, quando as pessoas est\u00e3o fora da escola ou do trabalho e podem patrocinar mais empresas e restaurantes e participar de mais atividades comunit\u00e1rias ao ar livre. Outros citam pesquisas que sugerem que o tempo de poupan\u00e7a permanente reduz o crime.<\/p>\n<\/div>\n<div class=\"ContentBlocks_CardDetail__SubscribeBlock__4zBcQ ContentBlocks_CardDetail__SubscribeBlock--mobile__18tT_\">\n<section class=\"styles_SubscribeForm__0dj5n\">\n<h2 class=\"styles_SubscribeForm__title__F_olP\">Descubra o que est\u00e1 acontecendo em Sarasota<span class=\"styles_SubscribeForm__title--nextLine__FTO3K\">gratuitamente com as atualiza\u00e7\u00f5es mais recentes do patch.<\/span><\/h2>\n<\/section>\n<\/div>\n<div class=\"styles_HTMLContent__LDG2k\">\n<p>A AAA disse que motoristas e pedestres podem estar em maior risco dos perigos associados \u00e0 dire\u00e7\u00e3o sonolenta. De acordo com os dados mais recentes do <a href=\"https:\/\/u7061146.ct.sendgrid.net\/ls\/click?upn=u001.gqh-2BaxUzlo7XKIuSly0rC0x7y46BtsmnBb1K8r36WKgLmniSr2D85fr81ihWFZanLXwwh25mRZvV7vmipu9D-2BSEhm-2FvNuFCB6zyEhF7-2F4DgbzfKofE5JP5NFZ5pf6fqL5tgGqdmav4TK96h-2BE3bYGUqydYj-2FXTq0MLhaYxlm0sU-3DuE1b_2JXEkh3OjnBPMfLIuqHq3YjogkRe82P7ivGg-2FV3CquPL-2BDhXs9Yg-2B8UFFyBYno8tpyRrr9xzDDdKrFzYMWvH6fhTlkkrft3qWq9XRx-2FSWFRYq6AZy-2F9DngbtaYRyosQLrCTRwKx7WvknOEyXaWScH3lZe0jiTWTMkPszpqy94WBtXdF2E-2FfxgNA0KVfnN5vRvZqqmF97BEo9gdJVYQC-2FiUxuUB-2BttPkJSqRoYVwvfhm1OAOFJ719Xnilq8Ce0BiI4MNpIgvG9mn4zWOyJtoafLBgLtZdXJ9E-2FsyeATImEvyRYonGhxzFBp0wrGRWBMEzyz6oXtS0DstvUc0L3aWnmg-3D-3D\" target=\"_blank\" data-saferedirecturl=\"https:\/\/www.google.com\/url?q=https:\/\/u7061146.ct.sendgrid.net\/ls\/click?upn%3Du001.gqh-2BaxUzlo7XKIuSly0rC0x7y46BtsmnBb1K8r36WKgLmniSr2D85fr81ihWFZanLXwwh25mRZvV7vmipu9D-2BSEhm-2FvNuFCB6zyEhF7-2F4DgbzfKofE5JP5NFZ5pf6fqL5tgGqdmav4TK96h-2BE3bYGUqydYj-2FXTq0MLhaYxlm0sU-3DuE1b_2JXEkh3OjnBPMfLIuqHq3YjogkRe82P7ivGg-2FV3CquPL-2BDhXs9Yg-2B8UFFyBYno8tpyRrr9xzDDdKrFzYMWvH6fhTlkkrft3qWq9XRx-2FSWFRYq6AZy-2F9DngbtaYRyosQLrCTRwKx7WvknOEyXaWScH3lZe0jiTWTMkPszpqy94WBtXdF2E-2FfxgNA0KVfnN5vRvZqqmF97BEo9gdJVYQC-2FiUxuUB-2BttPkJSqRoYVwvfhm1OAOFJ719Xnilq8Ce0BiI4MNpIgvG9mn4zWOyJtoafLBgLtZdXJ9E-2FsyeATImEvyRYonGhxzFBp0wrGRWBMEzyz6oXtS0DstvUc0L3aWnmg-3D-3D&#038;source=gmail&#038;ust=1741356382115000&#038;usg=AOvVaw1cMmdIODwkJTEgb7Z91zwF\" rel=\"nofollow\">Governors Highway Safety Association,<\/a> Quase 78% das mortes de pedestres ocorreram no escuro em 2022, contra 75% em 2021.<\/p>\n<p>&#8220;A mudan\u00e7a de tempo afeta o hor\u00e1rio do dia e os padr\u00f5es de sono, aumentando o risco de dirigir sonolento, o que pode contribuir para um acidente perigoso&#8221;, disse Mark Jenkins, porta -voz da AAA da Fl\u00f3rida. &#8220;Embora seja apenas uma diferen\u00e7a de uma hora, as pessoas podem experimentar o que parece ser um mini-jetlag, que pode levar tempo para se ajustar completamente.&#8221;<\/p>\n<\/div>\n<div class=\"ContentBlocks_CardDetail__SubscribeBlock__4zBcQ ContentBlocks_CardDetail__SubscribeBlock--desktop__oN6vv\">\n<section class=\"styles_SubscribeForm__0dj5n\">\n<h2 class=\"styles_SubscribeForm__title__F_olP\">Descubra o que est\u00e1 acontecendo em Sarasota<span class=\"styles_SubscribeForm__title--nextLine__FTO3K\">gratuitamente com as atualiza\u00e7\u00f5es mais recentes do patch.<\/span><\/h2>\n<\/section>\n<\/div>\n<div class=\"styles_HTMLContent__LDG2k\">\n<p><a href=\"https:\/\/u7061146.ct.sendgrid.net\/ls\/click?upn=u001.gqh-2BaxUzlo7XKIuSly0rC2fShN2Q-2FDbJuybXDjmDrKky1Sj3Ro0b2K3ksetOSGfrLQFcisII7lTkSg2ZylelCo763WOaRfZ2mHRzeP-2FuXN0aD9Rliip1FgHCQl9CtTAiym18_2JXEkh3OjnBPMfLIuqHq3YjogkRe82P7ivGg-2FV3CquPL-2BDhXs9Yg-2B8UFFyBYno8tpyRrr9xzDDdKrFzYMWvH6fhTlkkrft3qWq9XRx-2FSWFRYq6AZy-2F9DngbtaYRyosQLrCTRwKx7WvknOEyXaWScH3lZe0jiTWTMkPszpqy94WBtXdF2E-2FfxgNA0KVfnN5vRlANzhu-2B7-2FbHITMcTpcbrHvJDlY4q0j0bgU4CRZ5bE8BeFnQ0xoYANOd-2BrVF0y2nbCpfRmCHBM-2BN3T7SR4m5s0GyTVvNsahYf5eyMwpBW3nq-2Br2IsVSh2LRGtR8d8pdtJ7HGa4EvqXzpRXf3aoAZINg-3D-3D\" target=\"_blank\" data-saferedirecturl=\"https:\/\/www.google.com\/url?q=https:\/\/u7061146.ct.sendgrid.net\/ls\/click?upn%3Du001.gqh-2BaxUzlo7XKIuSly0rC2fShN2Q-2FDbJuybXDjmDrKky1Sj3Ro0b2K3ksetOSGfrLQFcisII7lTkSg2ZylelCo763WOaRfZ2mHRzeP-2FuXN0aD9Rliip1FgHCQl9CtTAiym18_2JXEkh3OjnBPMfLIuqHq3YjogkRe82P7ivGg-2FV3CquPL-2BDhXs9Yg-2B8UFFyBYno8tpyRrr9xzDDdKrFzYMWvH6fhTlkkrft3qWq9XRx-2FSWFRYq6AZy-2F9DngbtaYRyosQLrCTRwKx7WvknOEyXaWScH3lZe0jiTWTMkPszpqy94WBtXdF2E-2FfxgNA0KVfnN5vRlANzhu-2B7-2FbHITMcTpcbrHvJDlY4q0j0bgU4CRZ5bE8BeFnQ0xoYANOd-2BrVF0y2nbCpfRmCHBM-2BN3T7SR4m5s0GyTVvNsahYf5eyMwpBW3nq-2Br2IsVSh2LRGtR8d8pdtJ7HGa4EvqXzpRXf3aoAZINg-3D-3D&#038;source=gmail&#038;ust=1741356382115000&#038;usg=AOvVaw27i4vUW3hmHv1-oue2CeaD\" rel=\"nofollow\">Funda\u00e7\u00e3o AAA anterior para seguran\u00e7a no tr\u00e2nsito<\/a> A pesquisa constatou que o n\u00famero de acidentes de dire\u00e7\u00e3o sonolenta \u00e9 muito maior que as estat\u00edsticas oficiais do governo. O estudo da AAA estima que a dire\u00e7\u00e3o sonolenta \u00e9 um fator em aproximadamente dez vezes mais fatalidades de tr\u00e1fego que os dados tradicionais de colis\u00e3o indicam.<\/p>\n<p>A pesquisa constatou que 18% de todas as mortes no tr\u00e2nsito entre 2017 e 2021 foram estimadas em envolver um motorista sonolento, representando quase 30.000 mortes. Somente em 2021, estima -se que 6.725 vidas foram perdidas em acidentes de dire\u00e7\u00e3o sonolenta.<\/p>\n<\/div>\n<div class=\"styles_HTMLContent__LDG2k\">\n<p><strong>Os sintomas comuns de dire\u00e7\u00e3o sonolenta incluem:<\/strong><\/p>\n<ul>\n<li>Problema para manter os olhos abertos<\/li>\n<li>Problema de manter a cabe\u00e7a erguida<\/li>\n<li>Drifting da sua pista<\/li>\n<li>N\u00e3o consigo me lembrar das \u00faltimas milhas dirigidas<\/li>\n<li>Sentindo -se inquieto ou irritado<\/li>\n<li>Pensamentos acordados ou errantes<\/li>\n<\/ul>\n<p>&#8220;Tamb\u00e9m \u00e9 importante prestar aten\u00e7\u00e3o extra perto das escolas, principalmente de manh\u00e3&#8221;, disse Jenkins. &#8220;Mover rel\u00f3gios para a frente de uma hora significa que ele ficar\u00e1 escuro mais tarde, quando as crian\u00e7as estiverem a caminho da escola.&#8221;<\/p>\n<\/div>\n<div class=\"styles_HTMLContent__LDG2k\">\n<p><strong>Dicas para se manter seguro na estrada:<\/strong><\/p>\n<ul>\n<li>Certifique -se de dormir o suficiente antes de dirigir. Pergunte a pelo menos sete horas de sono por noite.<\/li>\n<li>Viaje em momentos do dia em que voc\u00ea normalmente est\u00e1 acordado.<\/li>\n<li>Evite dirigir quando estiver cansado ou com sono.<\/li>\n<li>Ou\u00e7a seu corpo. Se voc\u00ea come\u00e7ar a se sentir cansado, pare e fa\u00e7a uma pausa. N\u00e3o tente empurr\u00e1 -lo.<\/li>\n<li>Viaje com um passageiro de alerta e reveze -se. Compartilhar a dire\u00e7\u00e3o pode ajud\u00e1 -lo a ficar acordado e alerta.<\/li>\n<li>N\u00e3o subestime o poder de uma soneca r\u00e1pida. Uma soneca de 20 a 30 minutos pode melhorar significativamente sua alerta.<\/li>\n<\/ul>\n<p>Em 2020, o <a href=\"https:\/\/pmc.ncbi.nlm.nih.gov\/articles\/PMC7954020\/#:~:text=It%20is%20the%20position%20of,for%20public%20health%20and%20safety.\" rel=\"nofollow\" target=\"_blank\">American Academy of Sleep Medicine disse<\/a> Ele acreditava que os Estados Unidos deveriam &#8220;eliminar as mudan\u00e7as sazonais de tempo em favor de um tempo nacional, fixo e durante todo o ano&#8221;.<\/p>\n<p>O DST durante todo o ano significaria que, no in\u00edcio de janeiro, o sol n\u00e3o subiria at\u00e9 bem depois das 8 horas da manh\u00e3 em muitas partes do pa\u00eds, particularmente no norte dos EUA e o tempo padr\u00e3o durante todo o ano, o tempo empurraria <a href=\"https:\/\/www.facebook.com\/AccuWeather\/posts\/rise-and-shine-heres-how-early-the-sun-would-wake-up-in-june-without-daylight-sa\/976412081010105\/\" rel=\"nofollow\" target=\"_blank\">Sunrises at\u00e9 as 4:30 da manh\u00e3<\/a> em algumas \u00e1reas.<\/p>\n<p>Se nada acontecer no n\u00edvel federal e o DST entrar em vigor conforme programado no domingo, 9 de mar\u00e7o, ele terminar\u00e1 no domingo, 2 de novembro &#8211; novamente assumindo que nada acontece em Washington para impedi -lo.<\/p>\n<h3>Trump pesa no hor\u00e1rio de ver\u00e3o<\/h3>\n<p>H\u00e1 uma chance de que essa seja a \u00faltima vez que \u201csurgimos em frente\u201d, pois a pr\u00e1tica no segundo domingo de mar\u00e7o se tornou conhecida, ou que vamos deixar os rel\u00f3gios em paz.<\/p>\n<\/div>\n<div class=\"styles_HTMLContent__LDG2k\">\n<p>O presidente Donald Trump disse em um dezembro<a href=\"https:\/\/truthsocial.com\/@realDonaldTrump\/posts\/113647254141876924\" rel=\"nofollow\" target=\"_blank\"> Publique em sua verdade a plataforma social<\/a> que &#8220;o Partido Republicano usar\u00e1 seus melhores esfor\u00e7os para eliminar o hor\u00e1rio de ver\u00e3o, que tem um c\u00edrculo eleitoral pequeno, mas forte, mas n\u00e3o deveria!&#8221;<\/p>\n<p>&#8220;O tempo de economia do dia \u00e9 inconveniente e muito caro para a nossa na\u00e7\u00e3o&#8221;, escreveu ele.<\/p>\n<p>No entanto, n\u00e3o est\u00e1 claro se Trump favorece o tempo de economia padr\u00e3o ou de ver\u00e3o como um tempo permanente durante todo o ano. Em 2019, durante seu primeiro mandato na Casa Branca, Trump disse no<a href=\"https:\/\/x.com\/realDonaldTrump\/status\/1105110383227035654?ref_src=twsrc%5Etfw%7Ctwcamp%5Etweetembed%7Ctwterm%5E1105110383227035654%7Ctwgr%5Ee455831c6fcc734b6977354d94362cc3706aa5bf%7Ctwcon%5Es1_&#038;ref_url=https%3A%2F%2Fwww.cbsnews.com%2Fnews%2Fpresident-trump-supports-making-daylight-saving-time-permanent%2F\" rel=\"nofollow\" target=\"_blank\"> plataforma agora conhecida como x<\/a>\u201cFazer a luz do dia economizar tempo permanente est\u00e1 bem para mim!\u201d<\/p>\n<p>N\u00e3o est\u00e1 claro se Trump e os republicanos pretendem priorizar a ado\u00e7\u00e3o de um tempo permanente durante todo o ano. Terminar as mudan\u00e7as do rel\u00f3gio requer a\u00e7\u00e3o pelo Congresso.<\/p>\n<p>Quase todo estado dos EUA considerou v\u00e1rias contas de fuso hor\u00e1rio desde 2015, de acordo com o <a href=\"https:\/\/www.ncsl.org\/transportation\/daylight-saving-time-state-legislation\" rel=\"nofollow\" target=\"_blank\">Confer\u00eancia Nacional de Legislaturas Estaduais<\/a>e 20 est\u00e3o prontos para entrar em vigor se o Congresso permitir.<\/p>\n<\/div>\n<div class=\"styles_HTMLContent__LDG2k\">\n<p>Pesquisas ao longo dos anos &#8211; um <a href=\"https:\/\/docs.cdn.yougov.com\/etwjvohrxx\/Daylight_Saving_Time_Toplines_Crosstabs.pdf\" rel=\"nofollow\" target=\"_blank\">Pesquisa do YouGov<\/a> em 2023, a <a href=\"https:\/\/www.monmouth.edu\/polling-institute\/reports\/monmouthpoll_us_031522\/\" rel=\"nofollow\" target=\"_blank\">Enquete da Universidade de Monmouth<\/a> em 2022 e um <a href=\"https:\/\/apnorc.org\/projects\/daylight-saving-time-vs-standard-time\/\" rel=\"nofollow\" target=\"_blank\">Associated Press-NORC Poll<\/a> Em 2019 &#8211; demonstraram que a maioria dos americanos est\u00e1 cansada de brincar com seus rel\u00f3gios duas vezes por ano. Onde eles discordam \u00e9 se o tempo permanente deve ser padr\u00e3o ou de economia de ver\u00e3o.<\/p>\n<p>Uma pesquisa informal e n\u00e3o cient\u00edfica dos leitores de patch refletiu no outono no \u00faltimo refletir as conclus\u00f5es dessas e de outras pesquisas sobre <a href=\"https:\/\/patch.com\/us\/across-america\/dst-ends-its-time-ditch-twice-year-clock-changes-survey\">Mantenha ou diminua o hor\u00e1rio de ver\u00e3o<\/a>.<\/p>\n<p>\u201cO que quer que seja escolhido, apenas mantenha o mesmo. Pare de mudar os rel\u00f3gios! \u201d Um leitor da Virginia disse a Patch. \u201cEu literalmente tenho que decolar a segunda e ter\u00e7a -feira ap\u00f3s a primavera, ou meu trabalho sofre por uma semana. Leva tanto tempo para me ajustar. \u201d<\/p>\n<\/p><\/div>\n<hr\/>\n<p>Receba mais not\u00edcias locais entregues diretamente \u00e0 sua caixa de entrada.<!-- --> <a target=\"_blank\" href=\"http:\/\/patch.com\/florida\/sarasota\/subscribe\" class=\"\">Inscreva -se em boletins e alertas de patch gratuitos.<\/a><\/div>\n<p><br \/>\n<br \/><a href=\"http:\/\/patch.com\/florida\/sarasota\/daylight-saving-time-begins-when-change-your-clocks-fl?utm_source=article-mostrecent&#038;utm_medium=rss&#038;utm_term=community%20corner&#038;utm_campaign=recirc&#038;utm_content=aol\">Source link <\/a><\/p>","protected":false},"excerpt":{"rendered":"<p>FLORIDA &#8211; O s\u00e1bado \u00e0 noite \u00e9 a noite &#8211; hora de colocar os rel\u00f3gios \u00e0 frente uma hora e aproveitar o p\u00f4r do sol mais tarde na Fl\u00f3rida com&hellip;<\/p>","protected":false},"author":1,"featured_media":109514,"comment_status":"closed","ping_status":"open","sticky":false,"template":"","format":"standard","meta":{"content-type":"","footnotes":""},"categories":[1],"tags":[],"class_list":["post-109513","post","type-post","status-publish","format-standard","has-post-thumbnail","hentry","category-uncategorized"],"_links":{"self":[{"href":"https:\/\/tvbrazilusa.com\/pt\/wp-json\/wp\/v2\/posts\/109513","targetHints":{"allow":["GET"]}}],"collection":[{"href":"https:\/\/tvbrazilusa.com\/pt\/wp-json\/wp\/v2\/posts"}],"about":[{"href":"https:\/\/tvbrazilusa.com\/pt\/wp-json\/wp\/v2\/types\/post"}],"author":[{"embeddable":true,"href":"https:\/\/tvbrazilusa.com\/pt\/wp-json\/wp\/v2\/users\/1"}],"replies":[{"embeddable":true,"href":"https:\/\/tvbrazilusa.com\/pt\/wp-json\/wp\/v2\/comments?post=109513"}],"version-history":[{"count":1,"href":"https:\/\/tvbrazilusa.com\/pt\/wp-json\/wp\/v2\/posts\/109513\/revisions"}],"predecessor-version":[{"id":109515,"href":"https:\/\/tvbrazilusa.com\/pt\/wp-json\/wp\/v2\/posts\/109513\/revisions\/109515"}],"wp:featuredmedia":[{"embeddable":true,"href":"https:\/\/tvbrazilusa.com\/pt\/wp-json\/wp\/v2\/media\/109514"}],"wp:attachment":[{"href":"https:\/\/tvbrazilusa.com\/pt\/wp-json\/wp\/v2\/media?parent=109513"}],"wp:term":[{"taxonomy":"category","embeddable":true,"href":"https:\/\/tvbrazilusa.com\/pt\/wp-json\/wp\/v2\/categories?post=109513"},{"taxonomy":"post_tag","embeddable":true,"href":"https:\/\/tvbrazilusa.com\/pt\/wp-json\/wp\/v2\/tags?post=109513"}],"curies":[{"name":"wp","href":"https:\/\/api.w.org\/{rel}","templated":true}]}}