{"id":109528,"date":"2025-03-09T09:40:33","date_gmt":"2025-03-09T09:40:33","guid":{"rendered":"https:\/\/tvbrazilusa.com\/2025\/03\/09\/saiba-quem-sao-as-testemunhas-escolhidas-por-bolsonaro-para-a-sua-defesa\/"},"modified":"2025-03-09T09:40:37","modified_gmt":"2025-03-09T09:40:37","slug":"saiba-quem-sao-as-testemunhas-escolhidas-por-bolsonaro-para-a-sua-defesa","status":"publish","type":"post","link":"https:\/\/tvbrazilusa.com\/pt\/2025\/03\/09\/saiba-quem-sao-as-testemunhas-escolhidas-por-bolsonaro-para-a-sua-defesa\/","title":{"rendered":"Saiba quem s\u00e3o as testemunhas escolhidas por Bolsonaro para a sua defesa"},"content":{"rendered":"<p> <script async src=\"https:\/\/pagead2.googlesyndication.com\/pagead\/js\/adsbygoogle.js?client=ca-pub-8864793242727901\"\r\n     crossorigin=\"anonymous\"><\/script><br \/>\n<\/p>\n<div id=\"taboola-read-more\" style=\"display:block; width:100%\">\n<p>Recentemente, o ex-presidente Jair Bolsonaro apresentou uma manifesta\u00e7\u00e3o de defesa em um caso que investiga seu suposto envolvimento em uma tentativa de golpe de Estado no Brasil. A defesa de Bolsonaro solicitou a inclus\u00e3o de 13 testemunhas, entre elas figuras proeminentes do cen\u00e1rio pol\u00edtico nacional. Este caso, que tramita no Supremo Tribunal Federal (STF), levanta quest\u00f5es significativas sobre a estabilidade pol\u00edtica e o respeito \u00e0s institui\u00e7\u00f5es democr\u00e1ticas no pa\u00eds.\n<\/p>\n<p>Entre as testemunhas arroladas pela defesa, destaca-se o nome de Tarc\u00edsio de Freitas, atual governador de S\u00e3o Paulo e ex-ministro da Infraestrutura no governo Bolsonaro. Tarc\u00edsio declarou \u00e0 imprensa que est\u00e1 disposto a participar do processo como testemunha. Al\u00e9m dele, outros ex-ministros e aliados pol\u00edticos de Bolsonaro foram indicados, refletindo a complexidade e a abrang\u00eancia das investiga\u00e7\u00f5es em curso.<\/p>\n<p><strong>Quem s\u00e3o as testemunhas chave no caso de Bolsonaro<\/strong>\n<\/p>\n<p>A lista de testemunhas inclui figuras de destaque, como o ex-ministro da Sa\u00fade Eduardo Pazuello, agora deputado federal, e os senadores Rog\u00e9rio Marinho e Ciro Nogueira, que ocuparam cargos importantes no governo anterior. O ex-vice-presidente Hamilton Mour\u00e3o tamb\u00e9m foi mencionado como uma das testemunhas. A presen\u00e7a desses nomes ilustra a proximidade e a confian\u00e7a que Bolsonaro mantinha com seus colaboradores mais pr\u00f3ximos durante seu mandato.\n<\/p>\n<p>Al\u00e9m dos pol\u00edticos, a lista inclui militares de alta patente e outros indiv\u00edduos ligados ao governo anterior. Entre eles est\u00e3o o advogado Amaury Feres Saad, acusado de envolvimento na elabora\u00e7\u00e3o de um documento que supostamente planejava o golpe, e o coronel Wagner Oliveira da Silva, que participou da Comiss\u00e3o de Transpar\u00eancia Eleitoral. Esses nomes s\u00e3o cruciais para entender a extens\u00e3o das alega\u00e7\u00f5es e as poss\u00edveis conex\u00f5es entre os envolvidos.\n<\/p>\n<p>Veja a lista completa:\n<\/p>\n<p>Amaury Feres Saad\n<\/p>\n<p>Coronel Wagner Oliveira da Silva\n<\/p>\n<p>Renato de Lima Fran\u00e7a\n<\/p>\n<p>General Eduardo Pazuello\n<\/p>\n<p>Senador Rog\u00e9rio Marinho\n<\/p>\n<p>General Hamilton Mour\u00e3o\n<\/p>\n<p>Senador Ciro Nogueira\n<\/p>\n<p>Governador Tarc\u00edsio Gomes de Freitas\n<\/p>\n<p>Gilson Machado\n<\/p>\n<p>General Marco Ant\u00f4nio Freire Gomes\n<\/p>\n<p>Brigadeiro Carlos de Almeida Batista J\u00fanior\n<\/p>\n<p>General J\u00falio C\u00e9sar de Arruda\n<\/p>\n<p>Jonathas Assun\u00e7\u00e3o Salvador Nery de Castro\n<\/p>\n<p><strong>Quais s\u00e3o as acusa\u00e7\u00f5es contra Jair Bolsonaro?<\/strong>\n<\/p>\n<p>O ex-presidente Jair Bolsonaro enfrenta acusa\u00e7\u00f5es graves apresentadas pela Procuradoria-Geral da Rep\u00fablica (PGR). Entre os crimes listados est\u00e3o a organiza\u00e7\u00e3o criminosa armada, tentativa de aboli\u00e7\u00e3o violenta do Estado Democr\u00e1tico de Direito, golpe de Estado, dano qualificado contra o patrim\u00f4nio da Uni\u00e3o e deteriora\u00e7\u00e3o de patrim\u00f4nio tombado. Essas acusa\u00e7\u00f5es refletem a seriedade das alega\u00e7\u00f5es e o impacto potencial que um julgamento pode ter sobre o cen\u00e1rio pol\u00edtico brasileiro.\n<\/p>\n<p>A defesa de Bolsonaro argumenta que o caso deve ser analisado pelo plen\u00e1rio do STF, ao inv\u00e9s da primeira turma da corte. Essa solicita\u00e7\u00e3o, juntamente com o pedido de afastamento de alguns ministros do caso, demonstra a estrat\u00e9gia jur\u00eddica adotada para tentar influenciar o curso do julgamento. A decis\u00e3o sobre como o caso ser\u00e1 conduzido pode ter implica\u00e7\u00f5es significativas para o futuro pol\u00edtico de Bolsonaro e para a percep\u00e7\u00e3o p\u00fablica de sua administra\u00e7\u00e3o.\n<\/p>\n<p><strong>Impacto deste caso para o Brasil<\/strong>\n<\/p>\n<p>O desenrolar deste caso no STF pode ter consequ\u00eancias profundas para o Brasil, tanto no \u00e2mbito pol\u00edtico quanto no institucional. A investiga\u00e7\u00e3o de um ex-presidente por suposta tentativa de golpe de Estado \u00e9 um evento raro e significativo, que testa a resili\u00eancia das institui\u00e7\u00f5es democr\u00e1ticas do pa\u00eds. Al\u00e9m disso, o caso pode influenciar a opini\u00e3o p\u00fablica e moldar o futuro pol\u00edtico de figuras importantes do cen\u00e1rio nacional.\n<\/p>\n<p>Enquanto o Brasil aguarda o desfecho deste processo, a aten\u00e7\u00e3o se volta para o STF e suas decis\u00f5es, que podem estabelecer precedentes importantes para a governan\u00e7a e a justi\u00e7a no pa\u00eds. A maneira como o caso \u00e9 conduzido e resolvido pode refor\u00e7ar ou desafiar a confian\u00e7a nas institui\u00e7\u00f5es democr\u00e1ticas brasileiras, destacando a import\u00e2ncia de um judici\u00e1rio independente e imparcial.\n<\/p>\n<p>Fonte: Terra Brasil Not\u00edcias              <\/p>\n<\/div>\n<p><br \/>\n<br \/><a href=\"https:\/\/diariodobrasilnoticias.com.br\/noticia\/saiba-quem-sao-as-testemunhas-escolhidas-por-bolsonaro-para-a-sua-defesa-67cd60a108668\">Source link <\/a><\/p>","protected":false},"excerpt":{"rendered":"<p>Recentemente, o ex-presidente Jair Bolsonaro apresentou uma manifesta\u00e7\u00e3o de defesa em um caso que investiga seu suposto envolvimento em uma tentativa de golpe de Estado no Brasil. A defesa de&hellip;<\/p>","protected":false},"author":1,"featured_media":109529,"comment_status":"closed","ping_status":"open","sticky":false,"template":"","format":"standard","meta":{"content-type":"","footnotes":""},"categories":[16],"tags":[123,2448,5313,1267],"class_list":["post-109528","post","type-post","status-publish","format-standard","has-post-thumbnail","hentry","category-noticias","tag-brasil","tag-diario","tag-noticia","tag-noticias"],"_links":{"self":[{"href":"https:\/\/tvbrazilusa.com\/pt\/wp-json\/wp\/v2\/posts\/109528","targetHints":{"allow":["GET"]}}],"collection":[{"href":"https:\/\/tvbrazilusa.com\/pt\/wp-json\/wp\/v2\/posts"}],"about":[{"href":"https:\/\/tvbrazilusa.com\/pt\/wp-json\/wp\/v2\/types\/post"}],"author":[{"embeddable":true,"href":"https:\/\/tvbrazilusa.com\/pt\/wp-json\/wp\/v2\/users\/1"}],"replies":[{"embeddable":true,"href":"https:\/\/tvbrazilusa.com\/pt\/wp-json\/wp\/v2\/comments?post=109528"}],"version-history":[{"count":1,"href":"https:\/\/tvbrazilusa.com\/pt\/wp-json\/wp\/v2\/posts\/109528\/revisions"}],"predecessor-version":[{"id":109530,"href":"https:\/\/tvbrazilusa.com\/pt\/wp-json\/wp\/v2\/posts\/109528\/revisions\/109530"}],"wp:featuredmedia":[{"embeddable":true,"href":"https:\/\/tvbrazilusa.com\/pt\/wp-json\/wp\/v2\/media\/109529"}],"wp:attachment":[{"href":"https:\/\/tvbrazilusa.com\/pt\/wp-json\/wp\/v2\/media?parent=109528"}],"wp:term":[{"taxonomy":"category","embeddable":true,"href":"https:\/\/tvbrazilusa.com\/pt\/wp-json\/wp\/v2\/categories?post=109528"},{"taxonomy":"post_tag","embeddable":true,"href":"https:\/\/tvbrazilusa.com\/pt\/wp-json\/wp\/v2\/tags?post=109528"}],"curies":[{"name":"wp","href":"https:\/\/api.w.org\/{rel}","templated":true}]}}