{"id":109537,"date":"2025-03-09T10:20:17","date_gmt":"2025-03-09T10:20:17","guid":{"rendered":"https:\/\/tvbrazilusa.com\/2025\/03\/09\/para-melhorar-a-baixa-popularidade-lula-multiplica-por-dez-as-mencoes-a-inflacao-entenda\/"},"modified":"2025-03-09T10:20:19","modified_gmt":"2025-03-09T10:20:19","slug":"para-melhorar-a-baixa-popularidade-lula-multiplica-por-dez-as-mencoes-a-inflacao-entenda","status":"publish","type":"post","link":"https:\/\/tvbrazilusa.com\/pt\/2025\/03\/09\/para-melhorar-a-baixa-popularidade-lula-multiplica-por-dez-as-mencoes-a-inflacao-entenda\/","title":{"rendered":"Para melhorar a baixa popularidade, Lula multiplica por dez as men\u00e7\u00f5es \u00e0 infla\u00e7\u00e3o; entenda"},"content":{"rendered":"<p> <script async src=\"https:\/\/pagead2.googlesyndication.com\/pagead\/js\/adsbygoogle.js?client=ca-pub-8864793242727901\"\r\n     crossorigin=\"anonymous\"><\/script><br \/>\n<\/p>\n<div>\n<figure class=\"post-image\">\n<\/figure>\n<p>            <span style=\"font-size: 12px\">Marcelo Camargo\/Ag\u00eancia Brasil<\/span><\/p>\n<p>            <!-- end metas --><br \/>\n            <!-- ADS --><\/p>\n<div id=\"taboola-read-more\" style=\"display:block; width:100%\">\n<p>Diante do seu patamar mais baixo de popularidade em tr\u00eas mandatos e enfrentando crises como a infla\u00e7\u00e3o dos alimentos, o presidente Luiz In\u00e1cio Lula vem fazendo inflex\u00f5es no discurso na tentativa de reduzir os efeitos negativos da alta de pre\u00e7os e alcan\u00e7ar outras parcelas do eleitorado. Levantamento feito pelo GLOBO com base em 81 pronunciamentos e entrevistas do petista mostra que ele passou a tratar com mais \u00eanfase do aumento no custo de vida e a direcionar afagos a trabalhadores de aplicativo e empreendedores.\n<\/p>\n<p>O movimento coincide com a chegada de Sid\u00f4nio Palmeira \u00e0 chefia da Secretaria de Comunica\u00e7\u00e3o Social (Secom). Marqueteiro da campanha de Lula em 2022, ele foi escalado com o objetivo de divulgar melhor as a\u00e7\u00f5es da gest\u00e3o, passo visto como necess\u00e1rio no Pal\u00e1cio do Planalto para a elei\u00e7\u00e3o de 2026, seja com a tentativa de reelei\u00e7\u00e3o ou o apoio a outro candidato governista. De acordo com o Datafolha, a aprova\u00e7\u00e3o de Lula est\u00e1 em 24%, menor \u00edndice de todas suas passagens pela Presid\u00eancia.<\/p>\n<p>Entre as palavras que ganharam destaque no vocabul\u00e1rio de Lula depois da chegada de Sid\u00f4nio se destacam, por exemplo, \u201creajuste\u201d e \u201cpre\u00e7os\u201d. O levantamento comparou as falas do presidente nos tr\u00eas meses anteriores \u00e0 posse do marqueteiro na Secom, em 14 de janeiro, com o per\u00edodo posterior \u00e0 chegada. A base temporal foi escolhida para que houvesse um n\u00famero semelhante de falas em cada momento, evitando distor\u00e7\u00f5es.\n<\/p>\n<p>O Globo\n<\/p>\n<p>Fonte: Blog do BG              <\/p>\n<\/div>\n<p>                        <!-- Scripts para conteudo --><\/p>\n<p>            <!-- .\/Scripts para conteudo --><br \/>\n            <!-- .\/Mat\u00e9ria --><\/p>\n<div class=\"row mt-3\">\n<div class=\"col-sm-6\">\n                <!-- Whatsapp channel 3--><br \/>\n                <a href=\"https:\/\/chat.whatsapp.com\/B8Qy6Erx4kb6yTzj3kaDco\" target=\"_blank\"><br \/>\n                  <img decoding=\"async\" src=\"https:\/\/diariodobrasilnoticias.com.br\/assets-site\/images\/bot_whatsapp.png\"\/><\/a>\n              <\/div>\n<div class=\"col-sm-6\">\n                <a href=\"https:\/\/t.me\/+_4gTmi5LKo03OTM5\" target=\"_blank\"><br \/>\n                  <img decoding=\"async\" src=\"https:\/\/diariodobrasilnoticias.com.br\/assets-site\/images\/bot_telegram.png\"\/><\/a>\n              <\/div>\n<\/p><\/div>\n<p>            <!-- end post-navigation --><\/p>\n<p>              <!-- end row --><\/p>\n<p>              <!-- end col-12-->\n                      <\/div>\n<p><br \/>\n<br \/><a href=\"https:\/\/diariodobrasilnoticias.com.br\/noticia\/para-melhorar-a-baixa-popularidade-lula-multiplica-por-dez-as-mencoes-a-inflacao-entenda-67cd68ac4eae1\">Source link <\/a><\/p>","protected":false},"excerpt":{"rendered":"<p>Marcelo Camargo\/Ag\u00eancia Brasil Diante do seu patamar mais baixo de popularidade em tr\u00eas mandatos e enfrentando crises como a infla\u00e7\u00e3o dos alimentos, o presidente Luiz In\u00e1cio Lula vem fazendo inflex\u00f5es&hellip;<\/p>","protected":false},"author":1,"featured_media":109538,"comment_status":"closed","ping_status":"open","sticky":false,"template":"","format":"standard","meta":{"content-type":"","footnotes":""},"categories":[16],"tags":[123,2448,5313,1267],"class_list":["post-109537","post","type-post","status-publish","format-standard","has-post-thumbnail","hentry","category-noticias","tag-brasil","tag-diario","tag-noticia","tag-noticias"],"_links":{"self":[{"href":"https:\/\/tvbrazilusa.com\/pt\/wp-json\/wp\/v2\/posts\/109537","targetHints":{"allow":["GET"]}}],"collection":[{"href":"https:\/\/tvbrazilusa.com\/pt\/wp-json\/wp\/v2\/posts"}],"about":[{"href":"https:\/\/tvbrazilusa.com\/pt\/wp-json\/wp\/v2\/types\/post"}],"author":[{"embeddable":true,"href":"https:\/\/tvbrazilusa.com\/pt\/wp-json\/wp\/v2\/users\/1"}],"replies":[{"embeddable":true,"href":"https:\/\/tvbrazilusa.com\/pt\/wp-json\/wp\/v2\/comments?post=109537"}],"version-history":[{"count":1,"href":"https:\/\/tvbrazilusa.com\/pt\/wp-json\/wp\/v2\/posts\/109537\/revisions"}],"predecessor-version":[{"id":109539,"href":"https:\/\/tvbrazilusa.com\/pt\/wp-json\/wp\/v2\/posts\/109537\/revisions\/109539"}],"wp:featuredmedia":[{"embeddable":true,"href":"https:\/\/tvbrazilusa.com\/pt\/wp-json\/wp\/v2\/media\/109538"}],"wp:attachment":[{"href":"https:\/\/tvbrazilusa.com\/pt\/wp-json\/wp\/v2\/media?parent=109537"}],"wp:term":[{"taxonomy":"category","embeddable":true,"href":"https:\/\/tvbrazilusa.com\/pt\/wp-json\/wp\/v2\/categories?post=109537"},{"taxonomy":"post_tag","embeddable":true,"href":"https:\/\/tvbrazilusa.com\/pt\/wp-json\/wp\/v2\/tags?post=109537"}],"curies":[{"name":"wp","href":"https:\/\/api.w.org\/{rel}","templated":true}]}}