{"id":109540,"date":"2025-03-09T10:35:27","date_gmt":"2025-03-09T10:35:27","guid":{"rendered":"https:\/\/tvbrazilusa.com\/2025\/03\/09\/projeto-que-visa-punir-extorsao-praticada-por-flanelinhas-tramita-na-camara-dos-deputados-saiba-mais\/"},"modified":"2025-03-09T10:35:28","modified_gmt":"2025-03-09T10:35:28","slug":"projeto-que-visa-punir-extorsao-praticada-por-flanelinhas-tramita-na-camara-dos-deputados-saiba-mais","status":"publish","type":"post","link":"https:\/\/tvbrazilusa.com\/pt\/2025\/03\/09\/projeto-que-visa-punir-extorsao-praticada-por-flanelinhas-tramita-na-camara-dos-deputados-saiba-mais\/","title":{"rendered":"Projeto que visa punir extors\u00e3o praticada por flanelinhas tramita na C\u00e2mara dos Deputados; saiba mais"},"content":{"rendered":"<p> <script async src=\"https:\/\/pagead2.googlesyndication.com\/pagead\/js\/adsbygoogle.js?client=ca-pub-8864793242727901\"\r\n     crossorigin=\"anonymous\"><\/script><br \/>\n<\/p>\n<div id=\"taboola-read-more\" style=\"display:block; width:100%\">\n<p>O projeto de lei 239 de 2025 altera o C\u00f3digo Penal para tipificar o crime de extors\u00e3o praticado por guardadores informais de ve\u00edculos em via p\u00fablica. O texto est\u00e1 em an\u00e1lise na C\u00e2mara dos Deputados.\n<\/p>\n<p>Pela proposta, do deputado General Pazuello (PL-RJ), quem exigir ou cobrar remunera\u00e7\u00e3o para guardar, estacionar ou vigiar ve\u00edculo estacionado em via p\u00fablica, sem autoriza\u00e7\u00e3o do poder p\u00fablico, poder\u00e1 ser punido com reclus\u00e3o de 2 a 8 anos e multa.<\/p>\n<p>A pena ser\u00e1 aumentada de 1\/3 at\u00e9 a metade se v\u00edtima for mulher, pessoa idosa, pessoa com defici\u00eancia ou ainda se estiver acompanhada de crian\u00e7a ou adolescente. E ser\u00e1 dobrada se o crime for cometido com viol\u00eancia impl\u00edcita ou amea\u00e7a indireta, criando situa\u00e7\u00e3o de medo ou constrangimento.\n<\/p>\n<p>General Pazuello afirma que, apesar de a atividade de guardador e lavador aut\u00f4nomo de ve\u00edculo ser regulada pela lei 6.242 de 1975, falta a tipifica\u00e7\u00e3o penal do que considera \u201cexerc\u00edcio criminoso da profiss\u00e3o por quadrilhas que extorquem propriet\u00e1rios de ve\u00edculos, cobrando pre\u00e7os estratosf\u00e9ricos sob a amea\u00e7a velada de causar danos \u00e0 pessoa ou ao ve\u00edculo\u201d.\n<\/p>\n<p>\u201cA pr\u00e1tica \u00e9 verificada em v\u00e1rias cidades brasileiras, principalmente naquelas com maior concentra\u00e7\u00e3o de pontos tur\u00edsticos, praias, est\u00e1dios, casas de shows, teatros e at\u00e9 hospitais, onde os chamados \u2018flanelinhas\u2019 atuam, se apropriando do espa\u00e7o p\u00fablico e praticando a conduta extorsion\u00e1ria\u201d, diz Pazuello.\n<\/p>\n<p>A proposta ser\u00e1 analisada pela Comiss\u00e3o de Constitui\u00e7\u00e3o e Justi\u00e7a e de Cidadania, antes de ser votada pelo plen\u00e1rio da C\u00e2mara. Para virar lei, a medida precisa ser aprovada pelos deputados e pelos senadores.\n<\/p>\n<p>Poder 360\n<\/p>\n<p>Fonte: Blog do BG              <\/p>\n<\/div>\n<p><br \/>\n<br \/><a href=\"https:\/\/diariodobrasilnoticias.com.br\/noticia\/projeto-que-visa-punir-extorsao-praticada-por-flanelinhas-tramita-na-camara-dos-deputados-saiba-mais-67cd69b449c72\">Source link <\/a><\/p>","protected":false},"excerpt":{"rendered":"<p>O projeto de lei 239 de 2025 altera o C\u00f3digo Penal para tipificar o crime de extors\u00e3o praticado por guardadores informais de ve\u00edculos em via p\u00fablica. O texto est\u00e1 em&hellip;<\/p>","protected":false},"author":1,"featured_media":109541,"comment_status":"closed","ping_status":"open","sticky":false,"template":"","format":"standard","meta":{"content-type":"","footnotes":""},"categories":[16],"tags":[123,2448,5313,1267],"class_list":["post-109540","post","type-post","status-publish","format-standard","has-post-thumbnail","hentry","category-noticias","tag-brasil","tag-diario","tag-noticia","tag-noticias"],"_links":{"self":[{"href":"https:\/\/tvbrazilusa.com\/pt\/wp-json\/wp\/v2\/posts\/109540","targetHints":{"allow":["GET"]}}],"collection":[{"href":"https:\/\/tvbrazilusa.com\/pt\/wp-json\/wp\/v2\/posts"}],"about":[{"href":"https:\/\/tvbrazilusa.com\/pt\/wp-json\/wp\/v2\/types\/post"}],"author":[{"embeddable":true,"href":"https:\/\/tvbrazilusa.com\/pt\/wp-json\/wp\/v2\/users\/1"}],"replies":[{"embeddable":true,"href":"https:\/\/tvbrazilusa.com\/pt\/wp-json\/wp\/v2\/comments?post=109540"}],"version-history":[{"count":1,"href":"https:\/\/tvbrazilusa.com\/pt\/wp-json\/wp\/v2\/posts\/109540\/revisions"}],"predecessor-version":[{"id":109542,"href":"https:\/\/tvbrazilusa.com\/pt\/wp-json\/wp\/v2\/posts\/109540\/revisions\/109542"}],"wp:featuredmedia":[{"embeddable":true,"href":"https:\/\/tvbrazilusa.com\/pt\/wp-json\/wp\/v2\/media\/109541"}],"wp:attachment":[{"href":"https:\/\/tvbrazilusa.com\/pt\/wp-json\/wp\/v2\/media?parent=109540"}],"wp:term":[{"taxonomy":"category","embeddable":true,"href":"https:\/\/tvbrazilusa.com\/pt\/wp-json\/wp\/v2\/categories?post=109540"},{"taxonomy":"post_tag","embeddable":true,"href":"https:\/\/tvbrazilusa.com\/pt\/wp-json\/wp\/v2\/tags?post=109540"}],"curies":[{"name":"wp","href":"https:\/\/api.w.org\/{rel}","templated":true}]}}