{"id":109546,"date":"2025-03-09T11:06:01","date_gmt":"2025-03-09T11:06:01","guid":{"rendered":"https:\/\/tvbrazilusa.com\/2025\/03\/09\/direita-planeja-duas-manifestacoes-em-prol-da-anistia-a-condenados-pelo-8-1\/"},"modified":"2025-03-09T11:06:03","modified_gmt":"2025-03-09T11:06:03","slug":"direita-planeja-duas-manifestacoes-em-prol-da-anistia-a-condenados-pelo-8-1","status":"publish","type":"post","link":"https:\/\/tvbrazilusa.com\/pt\/2025\/03\/09\/direita-planeja-duas-manifestacoes-em-prol-da-anistia-a-condenados-pelo-8-1\/","title":{"rendered":"Direita planeja duas manifesta\u00e7\u00f5es em prol da anistia a condenados pelo 8\/1"},"content":{"rendered":"<p> <script async src=\"https:\/\/pagead2.googlesyndication.com\/pagead\/js\/adsbygoogle.js?client=ca-pub-8864793242727901\"\r\n     crossorigin=\"anonymous\"><\/script><br \/>\n<\/p>\n<div id=\"taboola-read-more\" style=\"display:block; width:100%\">\n<p>O ex-presidente Jair Bolsonaro (PL) e aliados trabalham em duas frentes populares a fim de pressionar o Congresso Nacional a aprovar o projeto de lei que anistia os condenados pelos atos extremistas ocorridos em Bras\u00edlia em 8 de janeiro de 2023. Al\u00e9m do ato convocado para o Rio de Janeiro em 16 de mar\u00e7o, \u00e0s 10h, agora o grupo chama os apoiadores para outra manifesta\u00e7\u00e3o, na Avenida Paulista, em 6 de abril, \u00e0s 14h. A pauta, segundo Bolsonaro, tamb\u00e9m \u00e9 a favor da liberdade de express\u00e3o.\n<\/p>\n<p>Inicialmente, o ex-presidente desestimulava as manifesta\u00e7\u00f5es que aconteceriam em outras capitais em 16 de mar\u00e7o. O ato convocado para Belo Horizonte (MG), por exemplo, foi cancelado, apesar de ter o apoio do deputado federal Nikolas Ferreira (PL-MG), aliado de Bolsonaro. H\u00e1 duas semanas, o parlamentar informou que o protesto n\u00e3o iria mais acontecer.<\/p>\n<p>Em S\u00e3o Paulo, pol\u00edticos ligados ao ex-presidente ainda convocaram atos, apesar da a\u00e7\u00e3o de Bolsonaro nos bastidores. A deputada federal Carla Zambelli (PL-SP), por exemplo, apoia o ato na Avenida Paulista no dia 16. Ao R7, ela explicou que Bolsonaro n\u00e3o proibiu o ato. \u201cEu n\u00e3o posso deixar de fazer, pois eu fui a primeira a chamar para essa data, e SP quer participar\u201d, declarou.\n<\/p>\n<p>O partido Novo, que costuma atuar como aliado do ex-presidente, apoia as convoca\u00e7\u00f5es para uma manifesta\u00e7\u00e3o em abril, mas deve incentivar outras mobiliza\u00e7\u00f5es no pr\u00f3ximo 16 de mar\u00e7o, al\u00e9m do ato no Rio de Janeiro. Conforme o R7 apurou, a legenda \u00e9 a favor de movimentos na Paulista e em outras cidades, mas n\u00e3o atuar\u00e1 na organiza\u00e7\u00e3o.\n<\/p>\n<p>O protesto na Paulista em abril, no entanto, pode ser uma resposta a outra manifesta\u00e7\u00e3o convocada por pessoas ligadas a partidos de esquerda contra a anistia.\n<\/p>\n<p>A proposta que livra os condenados pelo 8 de Janeiro tramita na C\u00e2mara dos Deputados em uma comiss\u00e3o especial, mas sem qualquer perspectiva de data para ser apreciada. A oposi\u00e7\u00e3o alega ter votos para aprovar o texto, mas ainda precisa de conjuntura e vontade pol\u00edtica para isso.\n<\/p>\n<p>Desse modo, segundo relataram parlamentares ao R7, as manifesta\u00e7\u00f5es da direita nas ruas poderiam \u201cacelerar\u201d a tramita\u00e7\u00e3o da proposta.\n<\/p>\n<p>R7\n<\/p>\n<p>Fonte: Blog do BG              <\/p>\n<\/div>\n<p><br \/>\n<br \/><a href=\"https:\/\/diariodobrasilnoticias.com.br\/noticia\/direita-planeja-duas-manifestacoes-em-prol-da-anistia-a-condenados-pelo-8-1-67cd61629a4b0\">Source link <\/a><\/p>","protected":false},"excerpt":{"rendered":"<p>O ex-presidente Jair Bolsonaro (PL) e aliados trabalham em duas frentes populares a fim de pressionar o Congresso Nacional a aprovar o projeto de lei que anistia os condenados pelos&hellip;<\/p>","protected":false},"author":1,"featured_media":109547,"comment_status":"closed","ping_status":"open","sticky":false,"template":"","format":"standard","meta":{"content-type":"","footnotes":""},"categories":[16],"tags":[123,2448,5313,1267],"class_list":["post-109546","post","type-post","status-publish","format-standard","has-post-thumbnail","hentry","category-noticias","tag-brasil","tag-diario","tag-noticia","tag-noticias"],"_links":{"self":[{"href":"https:\/\/tvbrazilusa.com\/pt\/wp-json\/wp\/v2\/posts\/109546","targetHints":{"allow":["GET"]}}],"collection":[{"href":"https:\/\/tvbrazilusa.com\/pt\/wp-json\/wp\/v2\/posts"}],"about":[{"href":"https:\/\/tvbrazilusa.com\/pt\/wp-json\/wp\/v2\/types\/post"}],"author":[{"embeddable":true,"href":"https:\/\/tvbrazilusa.com\/pt\/wp-json\/wp\/v2\/users\/1"}],"replies":[{"embeddable":true,"href":"https:\/\/tvbrazilusa.com\/pt\/wp-json\/wp\/v2\/comments?post=109546"}],"version-history":[{"count":1,"href":"https:\/\/tvbrazilusa.com\/pt\/wp-json\/wp\/v2\/posts\/109546\/revisions"}],"predecessor-version":[{"id":109548,"href":"https:\/\/tvbrazilusa.com\/pt\/wp-json\/wp\/v2\/posts\/109546\/revisions\/109548"}],"wp:featuredmedia":[{"embeddable":true,"href":"https:\/\/tvbrazilusa.com\/pt\/wp-json\/wp\/v2\/media\/109547"}],"wp:attachment":[{"href":"https:\/\/tvbrazilusa.com\/pt\/wp-json\/wp\/v2\/media?parent=109546"}],"wp:term":[{"taxonomy":"category","embeddable":true,"href":"https:\/\/tvbrazilusa.com\/pt\/wp-json\/wp\/v2\/categories?post=109546"},{"taxonomy":"post_tag","embeddable":true,"href":"https:\/\/tvbrazilusa.com\/pt\/wp-json\/wp\/v2\/tags?post=109546"}],"curies":[{"name":"wp","href":"https:\/\/api.w.org\/{rel}","templated":true}]}}