{"id":109558,"date":"2025-03-09T11:56:51","date_gmt":"2025-03-09T11:56:51","guid":{"rendered":"https:\/\/tvbrazilusa.com\/2025\/03\/09\/meses-antes-do-caso-vir-a-publico-quatro-pessoas-falaram-com-lula-sobre-importunacao-sexual-de-silvio-almeida-veja\/"},"modified":"2025-03-09T11:56:53","modified_gmt":"2025-03-09T11:56:53","slug":"meses-antes-do-caso-vir-a-publico-quatro-pessoas-falaram-com-lula-sobre-importunacao-sexual-de-silvio-almeida-veja","status":"publish","type":"post","link":"https:\/\/tvbrazilusa.com\/pt\/2025\/03\/09\/meses-antes-do-caso-vir-a-publico-quatro-pessoas-falaram-com-lula-sobre-importunacao-sexual-de-silvio-almeida-veja\/","title":{"rendered":"Meses antes do caso vir a p\u00fablico, quatro pessoas falaram com Lula sobre importuna\u00e7\u00e3o sexual de Silvio Almeida; veja"},"content":{"rendered":"<p> <script async src=\"https:\/\/pagead2.googlesyndication.com\/pagead\/js\/adsbygoogle.js?client=ca-pub-8864793242727901\"\r\n     crossorigin=\"anonymous\"><\/script><br \/>\n<\/p>\n<div id=\"taboola-read-more\" style=\"display:block; width:100%\">\n<p>O presidente Luiz In\u00e1cio Lula da Silva foi avisado por quatro pessoas sobre os relatos de importuna\u00e7\u00e3o sexual que teria sido praticada pelo ex-ministro dos Direitos Humanos Silvio Almeida contra a ministra da Igualdade Racial, Anielle Franco, de acordo com reportagem da revista Piau\u00ed. A publica\u00e7\u00e3o afirma que esses alertas ocorreram meses antes do caso vir a p\u00fablico.\n<\/p>\n<p>A Piau\u00ed relatou ter conversado com essas quatro pessoas, em condi\u00e7\u00e3o de anonimato. De acordo com a revista, uma dessas conversas ocorreu em mar\u00e7o de 2024, seis meses antes das den\u00fancias contra Almeida serem reveladas pelo portal Metr\u00f3poles.<\/p>\n<p>Uma outra pessoa, descrita como um amigo da Anielle dentro do PT, afirmou \u00e0 publica\u00e7\u00e3o que soube do caso cerca de dez meses antes da revela\u00e7\u00e3o p\u00fablica, e que meses depois levou o assunto a Lula, que teria determinado que o ministro da Controladoria-Geral da Uni\u00e3o (CGU), Vinicius Carvalho, conversasse com seu colega de minist\u00e9rio.\n<\/p>\n<p>Almeida foi demitido por Lula no dia seguinte \u00e0 revela\u00e7\u00e3o das den\u00fancias. Ele nega as acusa\u00e7\u00f5es, classificadas como \u201cila\u00e7\u00f5es absurdas\u201d. Na semana passada, o ex-ministro prestou um depoimento de duas horas \u00e0 Pol\u00edcia Federal (PF), que investiga as den\u00fancias.\n<\/p>\n<p>A Piau\u00ed afirma que a primeira investida de Almeida contra Anielle ocorreu em um jantar ocorrido no dia 30 de dezembro de 2022, dois dias antes da posse de Lula. Na ocasi\u00e3o, ele teria dito: \u201cNossa, como voc\u00ea est\u00e1 linda e cheirosa hoje\u201d. Anielle disse \u201cobrigada\u201d e se afastou.\n<\/p>\n<p>Quatro meses depois, os dois ministros fizeram parte da comitiva de Lula em uma viagem a Portugal. Nessa viagem, Almeida teria dito frases mais expl\u00edcitas \u00e0 ent\u00e3o colega, como que ela lhe dava \u201ctes\u00e3o\u201d. Situa\u00e7\u00f5es semelhantes teriam continuado nas semanas seguintes, at\u00e9 o momento, em maio de 2023, em que Almeida teria colocado sua m\u00e3o na coxa de Anielle durante uma reuni\u00e3o de trabalho.\n<\/p>\n<p>Segundo a publica\u00e7\u00e3o, a ministra contou o ocorrido a colegas como Vinicius Carvalho, Alexandre Padilha (na \u00e9poca, na Secretaria de Rela\u00e7\u00f5es Institucionais), Jorge Messias (Advocacia-Geral da Uni\u00e3o) e Esther Dweck (Gest\u00e3o e Inova\u00e7\u00e3o em Servi\u00e7os P\u00fablicos), al\u00e9m da primeira-dama, Janja da Silva, do diretor-geral da Pol\u00edcia Federal, Andrei Rodrigues, e dos presidentes do Banco do Brasil, Tarciana Medeiros, e BDNES, Aloizio Mercadante.\n<\/p>\n<p>Em uma primeira conversa, em agosto de 2024, antes dos fatos serem p\u00fablicos, Almeida teria negado a Vinicius Carvalho a ocorr\u00eancia de qualquer epis\u00f3dio de ass\u00e9dio ou importuna\u00e7\u00e3o.\n<\/p>\n<p>A Presid\u00eancia da Rep\u00fablica foi procurada pela reportagem de \u2018O Globo\u2019 para comentar as informa\u00e7\u00f5es, mas n\u00e3o retornou at\u00e9 a publica\u00e7\u00e3o desta mat\u00e9ria.\n<\/p>\n<p>O Globo\n<\/p>\n<p>Fonte: Blog do BG              <\/p>\n<\/div>\n<p><br \/>\n<br \/><a href=\"https:\/\/diariodobrasilnoticias.com.br\/noticia\/meses-antes-do-caso-vir-a-publico-quatro-pessoas-falaram-com-lula-sobre-importunacao-sexual-de-silvio-almeida-veja-67cd66c453b69\">Source link <\/a><\/p>","protected":false},"excerpt":{"rendered":"<p>O presidente Luiz In\u00e1cio Lula da Silva foi avisado por quatro pessoas sobre os relatos de importuna\u00e7\u00e3o sexual que teria sido praticada pelo ex-ministro dos Direitos Humanos Silvio Almeida contra&hellip;<\/p>","protected":false},"author":1,"featured_media":109559,"comment_status":"closed","ping_status":"open","sticky":false,"template":"","format":"standard","meta":{"content-type":"","footnotes":""},"categories":[16],"tags":[123,2448,5313,1267],"class_list":["post-109558","post","type-post","status-publish","format-standard","has-post-thumbnail","hentry","category-noticias","tag-brasil","tag-diario","tag-noticia","tag-noticias"],"_links":{"self":[{"href":"https:\/\/tvbrazilusa.com\/pt\/wp-json\/wp\/v2\/posts\/109558","targetHints":{"allow":["GET"]}}],"collection":[{"href":"https:\/\/tvbrazilusa.com\/pt\/wp-json\/wp\/v2\/posts"}],"about":[{"href":"https:\/\/tvbrazilusa.com\/pt\/wp-json\/wp\/v2\/types\/post"}],"author":[{"embeddable":true,"href":"https:\/\/tvbrazilusa.com\/pt\/wp-json\/wp\/v2\/users\/1"}],"replies":[{"embeddable":true,"href":"https:\/\/tvbrazilusa.com\/pt\/wp-json\/wp\/v2\/comments?post=109558"}],"version-history":[{"count":1,"href":"https:\/\/tvbrazilusa.com\/pt\/wp-json\/wp\/v2\/posts\/109558\/revisions"}],"predecessor-version":[{"id":109560,"href":"https:\/\/tvbrazilusa.com\/pt\/wp-json\/wp\/v2\/posts\/109558\/revisions\/109560"}],"wp:featuredmedia":[{"embeddable":true,"href":"https:\/\/tvbrazilusa.com\/pt\/wp-json\/wp\/v2\/media\/109559"}],"wp:attachment":[{"href":"https:\/\/tvbrazilusa.com\/pt\/wp-json\/wp\/v2\/media?parent=109558"}],"wp:term":[{"taxonomy":"category","embeddable":true,"href":"https:\/\/tvbrazilusa.com\/pt\/wp-json\/wp\/v2\/categories?post=109558"},{"taxonomy":"post_tag","embeddable":true,"href":"https:\/\/tvbrazilusa.com\/pt\/wp-json\/wp\/v2\/tags?post=109558"}],"curies":[{"name":"wp","href":"https:\/\/api.w.org\/{rel}","templated":true}]}}