{"id":109561,"date":"2025-03-09T12:10:18","date_gmt":"2025-03-09T12:10:18","guid":{"rendered":"https:\/\/tvbrazilusa.com\/2025\/03\/09\/canada-nomeia-novo-lider-neste-domingo-apos-renuncia-de-justin-trudeau\/"},"modified":"2025-03-09T12:10:20","modified_gmt":"2025-03-09T12:10:20","slug":"canada-nomeia-novo-lider-neste-domingo-apos-renuncia-de-justin-trudeau","status":"publish","type":"post","link":"https:\/\/tvbrazilusa.com\/pt\/2025\/03\/09\/canada-nomeia-novo-lider-neste-domingo-apos-renuncia-de-justin-trudeau\/","title":{"rendered":"Canad\u00e1 nomeia novo l\u00edder neste domingo, ap\u00f3s ren\u00fancia de Justin Trudeau"},"content":{"rendered":"<p> <script async src=\"https:\/\/pagead2.googlesyndication.com\/pagead\/js\/adsbygoogle.js?client=ca-pub-8864793242727901\"\r\n     crossorigin=\"anonymous\"><\/script><br \/>\n<\/p>\n<div id=\"taboola-read-more\" style=\"display:block; width:100%\">\n<p>O Canad\u00e1 deve escolher neste domingo (9) um ex-banqueiro central ponderado para lidar com as amea\u00e7as que as tarifas do presidente Donald Trump representam contra um pilar do livre com\u00e9rcio ocidental.\n<\/p>\n<p>Mark Carney, de 59 anos, poder\u00e1 se tornar o pr\u00f3ximo primeiro-ministro quando o Partido Liberal do Canad\u00e1 anunciar um substituto para Justin Trudeau em uma vota\u00e7\u00e3o de lideran\u00e7a.<\/p>\n<p>Os Conservadores da oposi\u00e7\u00e3o esperavam fazer da elei\u00e7\u00e3o um referendo sobre Trudeau, cuja popularidade diminuiu \u00e0 medida que os pre\u00e7os dos alimentos e da habita\u00e7\u00e3o subiram e a imigra\u00e7\u00e3o aumentou.\n<\/p>\n<p>Trudeau anunciou sua ren\u00fancia em janeiro, mas permanece como primeiro-ministro at\u00e9 que um sucessor seja escolhido. As leis eleitorais exigem uma vota\u00e7\u00e3o antes de outubro, mas espera-se que ocorra mais cedo.\n<\/p>\n<p>A guerra comercial de Trump e suas falas sobre transformar o Canad\u00e1 no 51\u00ba estado enfureceram os canadenses, que est\u00e3o vaiando o hino americano em jogos da NHL e NBA. Alguns est\u00e3o cancelando viagens ao sul e muitos est\u00e3o evitando comprar produtos americanos quando podem.\n<\/p>\n<p>O aumento do nacionalismo canadense fortaleceu as chances do Partido Liberal nas elei\u00e7\u00f5es parlamentares que s\u00e3o esperadas dentro de dias ou semanas, e o desempenho dos Liberais tem melhorado constantemente nas pesquisas de opini\u00e3o.\n<\/p>\n<p>Ap\u00f3s d\u00e9cadas de estabilidade bilateral, espera-se agora que a vota\u00e7\u00e3o sobre o pr\u00f3ximo l\u00edder do Canad\u00e1 se concentre em quem est\u00e1 melhor equipado para lidar com os Estados Unidos.\n<\/p>\n<p><strong>Quem \u00e9 Mark Carney?<\/strong>\n<\/p>\n<p>Carney navegou por crises quando era o chefe do banco central do Canad\u00e1 e quando se tornou o primeiro n\u00e3o cidad\u00e3o a dirigir o Banco da Inglaterra desde sua funda\u00e7\u00e3o em 1694.\n<\/p>\n<p>Sua nomea\u00e7\u00e3o recebeu elogios bipartid\u00e1rios na Gr\u00e3-Bretanha depois que o Canad\u00e1 se recuperou da crise financeira de 2008 mais rapidamente do que muitos outros pa\u00edses.\n<\/p>\n<p>Ele tamb\u00e9m \u00e9 creditado por manter o fluxo de dinheiro pela economia canadense ao agir rapidamente na redu\u00e7\u00e3o das taxas de juros para seu n\u00edvel mais baixo de todos os tempos de 1%, trabalhando com banqueiros para sustentar os empr\u00e9stimos durante a crise e, crucialmente, informando ao p\u00fablico que as taxas permaneceriam baixas para que continuassem tomando empr\u00e9stimos.\n<\/p>\n<p>E n\u00e3o foi apenas porque ele tinha boas pol\u00edticas \u2014 ele as vendeu ao p\u00fablico de uma maneira que todos podiam entender. Ele foi o primeiro banqueiro central a se comprometer a mant\u00ea-las em um m\u00ednimo hist\u00f3rico por um tempo definido, um passo que o Federal Reserve dos EUA seguiria.\n<\/p>\n<p>Carney recebeu um endosso ap\u00f3s outro de ministros do Gabinete e membros do Parlamento desde que declarou sua candidatura em janeiro.\n<\/p>\n<p>A outra principal candidata \u00e0 lideran\u00e7a Liberal \u00e9 a ex-vice-primeira-ministra Chrystia Freeland. Trudeau disse a Freeland em dezembro que n\u00e3o a queria mais como ministra das finan\u00e7as, mas que ela poderia permanecer como vice-primeira-ministra e pessoa de refer\u00eancia para as rela\u00e7\u00f5es EUA-Canad\u00e1.\n<\/p>\n<p>Freeland renunciou logo depois, divulgando uma carta contundente sobre o governo que se provou a gota d&#8217;\u00e1gua para Trudeau.\n<\/p>\n<p>Tr\u00eas pontos transformaram a corrida pela lideran\u00e7a em uma vit\u00f3ria f\u00e1cil para Carney. Freeland tinha uma longa associa\u00e7\u00e3o com Trudeau.\n<\/p>\n<p>Carney trabalhou duro para reunir apoio dos membros liberais do Parlamento. E a fixa\u00e7\u00e3o de Trump pelas tarifas tamb\u00e9m foi crucial, afirma Nelson Wiseman, professor em\u00e9rito da Universidade de Toronto.\n<\/p>\n<p>&#8220;Os parlamentares liberais temiam perder seus assentos e sabiam que Carney era mais eleg\u00edvel como l\u00edder do que Freeland&#8221;, explica Wiseman.\n<\/p>\n<p><strong>O que vem a seguir para o Canad\u00e1?<\/strong>\n<\/p>\n<p>Os membros do Partido Liberal escolher\u00e3o um novo l\u00edder em uma vota\u00e7\u00e3o secreta por cerca de 140.000 membros que ser\u00e1 anunciada no domingo.\n<\/p>\n<p>Espera-se que o novo l\u00edder desencadeie uma elei\u00e7\u00e3o logo depois. Ou o novo l\u00edder do partido Liberal convocar\u00e1 uma, ou os partidos de oposi\u00e7\u00e3o no Parlamento poderiam for\u00e7ar uma com um voto de n\u00e3o-confian\u00e7a este m\u00eas.\n<\/p>\n<p>Daniel B\u00e9land, professor de ci\u00eancia pol\u00edtica na Universidade McGill em Montreal, disse que o comportamento calmo de Carney e seu curr\u00edculo excepcional o tornam uma figura tranquilizadora para muitos canadenses em um momento em que Trump est\u00e1 atacando a economia e a soberania de seu pa\u00eds.\n<\/p>\n<p>B\u00e9land disse que esse estilo e perfil contrastam fortemente com os do Partido Conservador, Pierre Poilievre, a quem ele chamou de um verdadeiro pol\u00edtico de carreira que abra\u00e7ou uma ret\u00f3rica populista n\u00e3o diferente da de Trump.\n<\/p>\n<p>Poilievre, 45 anos, por anos o c\u00e3o de ataque do partido, \u00e9 um populista inflamado que diz que vai colocar &#8220;o Canad\u00e1 em primeiro lugar&#8221;. Ele ataca a m\u00eddia mainstream e promete cortar o financiamento da emissora p\u00fablica do Canad\u00e1 e reduzir impostos.\n<\/p>\n<p>&#8220;Isso funciona com sua base, mas n\u00e3o \u00e9 bem-vindo por outros canadenses, especialmente considerando o que o presidente dos EUA est\u00e1 agora dizendo sobre, e fazendo com, seu pa\u00eds&#8221;, disse B\u00e9land.\n<\/p>\n<p>Poilievre instou Trump na sexta-feira a parar os ataques ao Canad\u00e1 e &#8220;o melodrama mensal que est\u00e1 prejudicando nossas economias em ambos os lados da fronteira&#8221;.\n<\/p>\n<p>Fonte: g1              <\/p>\n<\/div>\n<p><br \/>\n<br \/><a href=\"https:\/\/diariodobrasilnoticias.com.br\/noticia\/canada-nomeia-novo-lider-neste-domingo-apos-renuncia-de-justin-trudeau-67cd6c056c95e\">Source link <\/a><\/p>","protected":false},"excerpt":{"rendered":"<p>O Canad\u00e1 deve escolher neste domingo (9) um ex-banqueiro central ponderado para lidar com as amea\u00e7as que as tarifas do presidente Donald Trump representam contra um pilar do livre com\u00e9rcio&hellip;<\/p>","protected":false},"author":1,"featured_media":109562,"comment_status":"closed","ping_status":"open","sticky":false,"template":"","format":"standard","meta":{"content-type":"","footnotes":""},"categories":[16],"tags":[123,2448,5313,1267],"class_list":["post-109561","post","type-post","status-publish","format-standard","has-post-thumbnail","hentry","category-noticias","tag-brasil","tag-diario","tag-noticia","tag-noticias"],"_links":{"self":[{"href":"https:\/\/tvbrazilusa.com\/pt\/wp-json\/wp\/v2\/posts\/109561","targetHints":{"allow":["GET"]}}],"collection":[{"href":"https:\/\/tvbrazilusa.com\/pt\/wp-json\/wp\/v2\/posts"}],"about":[{"href":"https:\/\/tvbrazilusa.com\/pt\/wp-json\/wp\/v2\/types\/post"}],"author":[{"embeddable":true,"href":"https:\/\/tvbrazilusa.com\/pt\/wp-json\/wp\/v2\/users\/1"}],"replies":[{"embeddable":true,"href":"https:\/\/tvbrazilusa.com\/pt\/wp-json\/wp\/v2\/comments?post=109561"}],"version-history":[{"count":1,"href":"https:\/\/tvbrazilusa.com\/pt\/wp-json\/wp\/v2\/posts\/109561\/revisions"}],"predecessor-version":[{"id":109563,"href":"https:\/\/tvbrazilusa.com\/pt\/wp-json\/wp\/v2\/posts\/109561\/revisions\/109563"}],"wp:featuredmedia":[{"embeddable":true,"href":"https:\/\/tvbrazilusa.com\/pt\/wp-json\/wp\/v2\/media\/109562"}],"wp:attachment":[{"href":"https:\/\/tvbrazilusa.com\/pt\/wp-json\/wp\/v2\/media?parent=109561"}],"wp:term":[{"taxonomy":"category","embeddable":true,"href":"https:\/\/tvbrazilusa.com\/pt\/wp-json\/wp\/v2\/categories?post=109561"},{"taxonomy":"post_tag","embeddable":true,"href":"https:\/\/tvbrazilusa.com\/pt\/wp-json\/wp\/v2\/tags?post=109561"}],"curies":[{"name":"wp","href":"https:\/\/api.w.org\/{rel}","templated":true}]}}