{"id":109648,"date":"2025-03-09T18:01:47","date_gmt":"2025-03-09T18:01:47","guid":{"rendered":"https:\/\/tvbrazilusa.com\/2025\/03\/09\/por-meio-das-redes-sociais-pai-de-whindersson-atualiza-o-quadro-do-filho-apos-internacao\/"},"modified":"2025-03-09T18:01:52","modified_gmt":"2025-03-09T18:01:52","slug":"por-meio-das-redes-sociais-pai-de-whindersson-atualiza-o-quadro-do-filho-apos-internacao","status":"publish","type":"post","link":"https:\/\/tvbrazilusa.com\/pt\/2025\/03\/09\/por-meio-das-redes-sociais-pai-de-whindersson-atualiza-o-quadro-do-filho-apos-internacao\/","title":{"rendered":"Por meio das redes sociais, pai de Whindersson atualiza o quadro do filho ap\u00f3s interna\u00e7\u00e3o"},"content":{"rendered":"<p> <script async src=\"https:\/\/pagead2.googlesyndication.com\/pagead\/js\/adsbygoogle.js?client=ca-pub-8864793242727901\"\r\n     crossorigin=\"anonymous\"><\/script><br \/>\n<\/p>\n<div id=\"taboola-read-more\" style=\"display:block; width:100%\">\n<p>Neste s\u00e1bado (8), Hidelbrando Batista, pai de Whindersson Nunes, respondeu a perguntas sobre seu filho. Ele se manifestou por meio dos stories do Instagram.\n<\/p>\n<p>O humorista Whindersson Nunes est\u00e1 internado em uma cl\u00ednica psiqui\u00e1trica, no interior de S\u00e3o Paulo. Em um comunicado, divulgado pelo site Hugo Gloss, em fevereiro, o humorista disse que est\u00e1 cuidando de sua sa\u00fade mental e a decis\u00e3o de ficar internado partiu dele, que preferiu ter acompanhamento m\u00e9dico especializado.<\/p>\n<p>O pai do comediante abriu uma caixinha de perguntas e publicou respostas. Ele tamb\u00e9m postou um breve v\u00eddeo nos stories e destacou que o filho est\u00e1 bem e que sair\u00e1 \u201clogo, logo\u201d.\n<\/p>\n<p>\u2013 Gente, ele est\u00e1 bem, gra\u00e7as a Deus. Logo, logo vai sair.\n<\/p>\n<p>Hidelbrando explicou que ele e a m\u00e3e de Whindersson, Valdenice Nunes, ainda n\u00e3o viram o filho. Segundo ele, o local permite poucas visitas.\n<\/p>\n<p>\u2013 Nem eu, nem Valdenice [m\u00e3e de Whindersson] ainda n\u00e3o vimos ele. N\u00e3o [o] visitamos porque onde ele est\u00e1 s\u00e3o [permitidas] poucas visitas.\n<\/p>\n<p>Fonte: Pleno.News              <\/p>\n<\/div>\n<p><br \/>\n<br \/><a href=\"https:\/\/diariodobrasilnoticias.com.br\/noticia\/por-meio-das-redes-sociais-pai-de-whindersson-atualiza-o-quadro-do-filho-apos-internacao-67cda78bacc85\">Source link <\/a><\/p>","protected":false},"excerpt":{"rendered":"<p>Neste s\u00e1bado (8), Hidelbrando Batista, pai de Whindersson Nunes, respondeu a perguntas sobre seu filho. Ele se manifestou por meio dos stories do Instagram. O humorista Whindersson Nunes est\u00e1 internado&hellip;<\/p>","protected":false},"author":1,"featured_media":109649,"comment_status":"closed","ping_status":"open","sticky":false,"template":"","format":"standard","meta":{"content-type":"","footnotes":""},"categories":[16],"tags":[123,2448,5313,1267],"class_list":["post-109648","post","type-post","status-publish","format-standard","has-post-thumbnail","hentry","category-noticias","tag-brasil","tag-diario","tag-noticia","tag-noticias"],"_links":{"self":[{"href":"https:\/\/tvbrazilusa.com\/pt\/wp-json\/wp\/v2\/posts\/109648","targetHints":{"allow":["GET"]}}],"collection":[{"href":"https:\/\/tvbrazilusa.com\/pt\/wp-json\/wp\/v2\/posts"}],"about":[{"href":"https:\/\/tvbrazilusa.com\/pt\/wp-json\/wp\/v2\/types\/post"}],"author":[{"embeddable":true,"href":"https:\/\/tvbrazilusa.com\/pt\/wp-json\/wp\/v2\/users\/1"}],"replies":[{"embeddable":true,"href":"https:\/\/tvbrazilusa.com\/pt\/wp-json\/wp\/v2\/comments?post=109648"}],"version-history":[{"count":1,"href":"https:\/\/tvbrazilusa.com\/pt\/wp-json\/wp\/v2\/posts\/109648\/revisions"}],"predecessor-version":[{"id":109650,"href":"https:\/\/tvbrazilusa.com\/pt\/wp-json\/wp\/v2\/posts\/109648\/revisions\/109650"}],"wp:featuredmedia":[{"embeddable":true,"href":"https:\/\/tvbrazilusa.com\/pt\/wp-json\/wp\/v2\/media\/109649"}],"wp:attachment":[{"href":"https:\/\/tvbrazilusa.com\/pt\/wp-json\/wp\/v2\/media?parent=109648"}],"wp:term":[{"taxonomy":"category","embeddable":true,"href":"https:\/\/tvbrazilusa.com\/pt\/wp-json\/wp\/v2\/categories?post=109648"},{"taxonomy":"post_tag","embeddable":true,"href":"https:\/\/tvbrazilusa.com\/pt\/wp-json\/wp\/v2\/tags?post=109648"}],"curies":[{"name":"wp","href":"https:\/\/api.w.org\/{rel}","templated":true}]}}