{"id":109651,"date":"2025-03-09T18:13:35","date_gmt":"2025-03-09T18:13:35","guid":{"rendered":"https:\/\/tvbrazilusa.com\/2025\/03\/09\/sem-rumo-apenas-em-2025-o-governo-lula-ja-recuou-ao-menos-9-vezes-de-decisoes-veja\/"},"modified":"2025-03-09T18:13:46","modified_gmt":"2025-03-09T18:13:46","slug":"sem-rumo-apenas-em-2025-o-governo-lula-ja-recuou-ao-menos-9-vezes-de-decisoes-veja","status":"publish","type":"post","link":"https:\/\/tvbrazilusa.com\/pt\/2025\/03\/09\/sem-rumo-apenas-em-2025-o-governo-lula-ja-recuou-ao-menos-9-vezes-de-decisoes-veja\/","title":{"rendered":"SEM RUMO: Apenas em 2025, o governo Lula j\u00e1 recuou ao menos 9 vezes de decis\u00f5es; veja"},"content":{"rendered":"<p> <script async src=\"https:\/\/pagead2.googlesyndication.com\/pagead\/js\/adsbygoogle.js?client=ca-pub-8864793242727901\"\r\n     crossorigin=\"anonymous\"><\/script><br \/>\n<\/p>\n<div id=\"taboola-read-more\" style=\"display:block; width:100%\">\n<p>O governo do presidente Luiz In\u00e1cio Lula da Silva (PT) recuou de decis\u00f5es anunciadas ao menos 9 vezes s\u00f3 em 2025. Segundo levantamento do Poder360, os recuos come\u00e7aram em 15 de janeiro, no dia seguinte \u00e0 posse de Sid\u00f4nio Palmeira no comando da Secom (Secretaria de Comunica\u00e7\u00e3o Social da Presid\u00eancia da Rep\u00fablica).\n<\/p>\n<p>A ordem de Lula e do novo comando da comunica\u00e7\u00e3o do Executivo era para que tanto o presidente quanto seus ministros falassem mais. A ideia era fazer com que as medidas implementadas pelo governo petista chegassem aos ouvidos da popula\u00e7\u00e3o.<\/p>\n<\/p>\n<p>O aumento da quantidade de entrevistas e declara\u00e7\u00f5es fez com que o presidente deslizasse mais em suas palavras. Ele chegou a acumular mais de 20 frases controversas em 2 meses.\n<\/p>\n<p>Al\u00e9m disso, o governo est\u00e1 pressionado pelos p\u00e9ssimos resultados na avalia\u00e7\u00e3o do governo no in\u00edcio de ano, o que direcionou Lula e sua equipe a evitarem medidas impopulares e alterarem decis\u00f5es j\u00e1 consolidadas para evitar crises no presente.\n<\/p>\n<p>Lula sancionou, por exemplo, em 8 de outubro, a lei do Combust\u00edvel do Futuro. No texto, havia a determina\u00e7\u00e3o que a mistura de biodiesel no diesel aumentasse 1 p.p. em 2025. Quando a data do aumento se aproximou, neste ano, entretanto, o governo anunciou que congelaria a medida para evitar que o pre\u00e7o dos alimentos fosse afetado.\n<\/p>\n<p>O principal caso de recuo em 2025, no entanto, foi o Pixgate. Em derrota para o ministro da Fazenda, Fernando Haddad, o Planalto derrubou a norma que aumentava a fiscaliza\u00e7\u00e3o do Pix e que viralizou sob o argumento de que seria uma taxa \u00e0 opera\u00e7\u00e3o financeira.\n<\/p>\n<p>A mudan\u00e7a nas regras determinava que o Fisco iria acompanhar com lupa quem movimenta mais de R$ 5.000 por m\u00eas por meio de pagamento digital. Isso n\u00e3o significa que foi criada uma taxa do governo por opera\u00e7\u00e3o, como informaram publica\u00e7\u00f5es nas redes sociais que acuaram o governo e for\u00e7aram o recuo.\n<\/p>\n<p>A cobran\u00e7a de tarifas extras no com\u00e9rcio se d\u00e1 por causa de uma desconfian\u00e7a dos comerciantes em rela\u00e7\u00e3o ao monitoramento das transa\u00e7\u00f5es financeiras. Como mostrou o Poder360, v\u00e1rios profissionais do setor avaliam que essa seria uma forma de repassar um eventual aumento dos custos ao consumidor e evitar preju\u00edzos pr\u00f3prios.\n<\/p>\n<p>Outro assunto sens\u00edvel para o governo foi os pre\u00e7os dos alimentos. Ao menos 2 recuos em 2025 foram sobre o tema. No 1\u00ba, o governo anunciou que haveria um carimbo obrigat\u00f3rio nos ovos com a data de validade dos produtos. Pouco mais de 10 dias depois da regra ser lan\u00e7ada, o Planalto retrocedeu e cancelou a obrigatoriedade.\n<\/p>\n<p>Em outro momento, Haddad foi taxativo ao dizer que n\u00e3o haveria custo fiscal para reduzir o pre\u00e7o da comida. Isso foi em janeiro. Em mar\u00e7o, entretanto, o vice-presidente e ministro da Ind\u00fastria e Com\u00e9rcio, Geraldo Alckmin, anunciou que as al\u00edquotas de imposto de importa\u00e7\u00e3o de 9 alimentos seriam zeradas.\n<\/p>\n<p>A Fazenda diz que o impacto or\u00e7ament\u00e1rio ser\u00e1 baixo, mas haver\u00e1 algum. Na pr\u00e1tica, o governo tem anunciado medidas que acha que seriam corretas, principalmente do ponto de vista econ\u00f4mico-fiscal, mas se estas causarem algum desconforto \u00e0 imagem da administra\u00e7\u00e3o petista, ser\u00e1 revogada.\n<\/p>\n<p>Depois do Pixgate, Lula deu a ordem: \u201cDaqui para frente, nenhum ministro vai poder fazer portaria que depois crie confus\u00e3o para n\u00f3s, sem que essa portaria passe pela Presid\u00eancia da Rep\u00fablica, pela Casa Civil\u201d.\n<\/p>\n<p>A realidade, entretanto, tem se comprovado diferente, o pr\u00f3prio ministro da Casa Civil, Rui Costa, chegou a dizer que haveria interven\u00e7\u00e3o nos pre\u00e7os dos alimentos, fato que precisou ser retificado pelo Planalto horas depois.\n<\/p>\n<p>Fonte: Poder360              <\/p>\n<\/div>\n<p><br \/>\n<br \/><a href=\"https:\/\/diariodobrasilnoticias.com.br\/noticia\/sem-rumo-apenas-em-2025-o-governo-lula-ja-recuou-ao-menos-9-vezes-de-decisoes-veja-67cdac5ed11e8\">Source link <\/a><\/p>","protected":false},"excerpt":{"rendered":"<p>O governo do presidente Luiz In\u00e1cio Lula da Silva (PT) recuou de decis\u00f5es anunciadas ao menos 9 vezes s\u00f3 em 2025. Segundo levantamento do Poder360, os recuos come\u00e7aram em 15&hellip;<\/p>","protected":false},"author":1,"featured_media":109652,"comment_status":"closed","ping_status":"open","sticky":false,"template":"","format":"standard","meta":{"content-type":"","footnotes":""},"categories":[16],"tags":[123,2448,5313,1267],"class_list":["post-109651","post","type-post","status-publish","format-standard","has-post-thumbnail","hentry","category-noticias","tag-brasil","tag-diario","tag-noticia","tag-noticias"],"_links":{"self":[{"href":"https:\/\/tvbrazilusa.com\/pt\/wp-json\/wp\/v2\/posts\/109651","targetHints":{"allow":["GET"]}}],"collection":[{"href":"https:\/\/tvbrazilusa.com\/pt\/wp-json\/wp\/v2\/posts"}],"about":[{"href":"https:\/\/tvbrazilusa.com\/pt\/wp-json\/wp\/v2\/types\/post"}],"author":[{"embeddable":true,"href":"https:\/\/tvbrazilusa.com\/pt\/wp-json\/wp\/v2\/users\/1"}],"replies":[{"embeddable":true,"href":"https:\/\/tvbrazilusa.com\/pt\/wp-json\/wp\/v2\/comments?post=109651"}],"version-history":[{"count":1,"href":"https:\/\/tvbrazilusa.com\/pt\/wp-json\/wp\/v2\/posts\/109651\/revisions"}],"predecessor-version":[{"id":109653,"href":"https:\/\/tvbrazilusa.com\/pt\/wp-json\/wp\/v2\/posts\/109651\/revisions\/109653"}],"wp:featuredmedia":[{"embeddable":true,"href":"https:\/\/tvbrazilusa.com\/pt\/wp-json\/wp\/v2\/media\/109652"}],"wp:attachment":[{"href":"https:\/\/tvbrazilusa.com\/pt\/wp-json\/wp\/v2\/media?parent=109651"}],"wp:term":[{"taxonomy":"category","embeddable":true,"href":"https:\/\/tvbrazilusa.com\/pt\/wp-json\/wp\/v2\/categories?post=109651"},{"taxonomy":"post_tag","embeddable":true,"href":"https:\/\/tvbrazilusa.com\/pt\/wp-json\/wp\/v2\/tags?post=109651"}],"curies":[{"name":"wp","href":"https:\/\/api.w.org\/{rel}","templated":true}]}}