{"id":109657,"date":"2025-03-09T18:42:51","date_gmt":"2025-03-09T18:42:51","guid":{"rendered":"https:\/\/tvbrazilusa.com\/2025\/03\/09\/donald-trump-encerra-isencao-que-possibilitava-o-iraque-comprar-eletricidade-do-ira-saiba-o-porque\/"},"modified":"2025-03-09T18:42:56","modified_gmt":"2025-03-09T18:42:56","slug":"donald-trump-encerra-isencao-que-possibilitava-o-iraque-comprar-eletricidade-do-ira-saiba-o-porque","status":"publish","type":"post","link":"https:\/\/tvbrazilusa.com\/pt\/2025\/03\/09\/donald-trump-encerra-isencao-que-possibilitava-o-iraque-comprar-eletricidade-do-ira-saiba-o-porque\/","title":{"rendered":"Donald Trump encerra isen\u00e7\u00e3o que possibilitava o Iraque comprar eletricidade do Ir\u00e3; saiba o porqu\u00ea"},"content":{"rendered":"<p> <script async src=\"https:\/\/pagead2.googlesyndication.com\/pagead\/js\/adsbygoogle.js?client=ca-pub-8864793242727901\"\r\n     crossorigin=\"anonymous\"><\/script><br \/>\n<\/p>\n<div id=\"taboola-read-more\" style=\"display:block; width:100%\">\n<p>O governo Donald Trump (foto) anunciou neste s\u00e1bado, 8, o fim da isen\u00e7\u00e3o de san\u00e7\u00f5es que permitia ao Iraque comprar eletricidade fornecida pelo Ir\u00e3. A medida faz parte da estrat\u00e9gia de \u201cpress\u00e3o m\u00e1xima\u201d do presidente dos Estados Unidos contra Teer\u00e3, segundo um porta-voz do Departamento de Estado.\n<\/p>\n<p>Com o fim da isen\u00e7\u00e3o, os EUA \u201cn\u00e3o permitir\u00e3o ao Ir\u00e3 qualquer al\u00edvio econ\u00f4mico ou financeiro\u201d, segundo o porta-voz. Ele explicou que o objetivo da medida \u00e9 \u201cerradicar a amea\u00e7a nuclear do Ir\u00e3, restringir seu programa de m\u00edsseis bal\u00edsticos e impedir seu apoio a grupos terroristas\u201d.<\/p>\n<p>Ao retornar \u00e0 presid\u00eancia em janeiro, Trump retomou a pol\u00edtica de \u201cpress\u00e3o m\u00e1xima\u201d contra o Ir\u00e3, estrat\u00e9gia que j\u00e1 havia iniciado durante seu primeiro mandato, quando retirou os EUA do acordo nuclear internacional, que visava impedir Teer\u00e3 de desenvolver armas nucleares.\n<\/p>\n<p>Os EUA buscam isolar o Ir\u00e3 da economia global e cortar sua principal fonte de renda, as exporta\u00e7\u00f5es de petr\u00f3leo, com o intuito de impedir o avan\u00e7o do programa nuclear iraniano. O Ir\u00e3, por sua vez, nega as acusa\u00e7\u00f5es e afirma que seu programa \u00e9 de natureza pac\u00edfica.\n<\/p>\n<p>Desde 2018, quando as san\u00e7\u00f5es contra o Ir\u00e3 foram reimpostas, o governo Trump concedeu isen\u00e7\u00f5es tempor\u00e1rias a alguns pa\u00edses, incluindo o Iraque, permitindo que continuassem comprando eletricidade iraniana. O governo dos EUA, tanto sob Trump quanto sob Joe Biden, renovou essas isen\u00e7\u00f5es diversas vezes, enquanto incentivava Bagd\u00e1 a reduzir sua depend\u00eancia da eletricidade do Ir\u00e3.\n<\/p>\n<p>Os EUA tamb\u00e9m usaram a revis\u00e3o da isen\u00e7\u00e3o como uma forma de pressionar Bagd\u00e1 a permitir a exporta\u00e7\u00e3o de petr\u00f3leo do Curdist\u00e3o iraquiano via Turquia. Isso ajudaria a aumentar a oferta de petr\u00f3leo no mercado global, mantendo os pre\u00e7os sob controle e criando mais espa\u00e7o para os EUA restringirem as exporta\u00e7\u00f5es de petr\u00f3leo iraniano.\n<\/p>\n<p><strong>Ir\u00e3 rejeita exig\u00eancias de Trump<\/strong>\n<\/p>\n<p>No s\u00e1bado, o l\u00edder supremo do Ir\u00e3, Ali Khamenei, afirmou que n\u00e3o aceitar\u00e1 as exig\u00eancias de \u201cgovernos abusivos\u201d que insistem em negocia\u00e7\u00f5es que \u201cn\u00e3o tem como objetivo resolver problemas, mas sim impor o seu dom\u00ednio e impor as suas exig\u00eancias\u201d.\n<\/p>\n<p>A declara\u00e7\u00e3o \u00e9 uma resposta direta ao apelo de Trump para di\u00e1logo.\n<\/p>\n<p>Khamenei tamb\u00e9m criticou o que chamou de \u201cduplicidade de crit\u00e9rios\u201d do Ocidente e afirmou que os princ\u00edpios ocidentais s\u00e3o incompat\u00edveis com os valores isl\u00e2micos.\n<\/p>\n<p>A fala de Khamenei foi feita um dia depois de Trump anunciar ter enviado uma carta ao regime solicitando negocia\u00e7\u00f5es sobre o programa nuclear iraniano. O presidente americano afirmou que o di\u00e1logo seria a melhor op\u00e7\u00e3o, embora tenha deixado claro que n\u00e3o permitir\u00e1 que o Ir\u00e3 desenvolva armas nucleares.\n<\/p>\n<p>Trump tamb\u00e9m reiterou sua prefer\u00eancia por um \u201cacordo de paz\u201d em vez de uma a\u00e7\u00e3o militar, mas afirmou que a quest\u00e3o precisa ser resolvida rapidamente.\n<\/p>\n<p>Fonte: O Antagonista              <\/p>\n<\/div>\n<p><br \/>\n<br \/><a href=\"https:\/\/diariodobrasilnoticias.com.br\/noticia\/donald-trump-encerra-isencao-que-possibilitava-o-iraque-comprar-eletricidade-do-ira-saiba-o-porque-67cdb2660d4db\">Source link <\/a><\/p>","protected":false},"excerpt":{"rendered":"<p>O governo Donald Trump (foto) anunciou neste s\u00e1bado, 8, o fim da isen\u00e7\u00e3o de san\u00e7\u00f5es que permitia ao Iraque comprar eletricidade fornecida pelo Ir\u00e3. A medida faz parte da estrat\u00e9gia&hellip;<\/p>","protected":false},"author":1,"featured_media":109658,"comment_status":"closed","ping_status":"open","sticky":false,"template":"","format":"standard","meta":{"content-type":"","footnotes":""},"categories":[16],"tags":[123,2448,5313,1267],"class_list":["post-109657","post","type-post","status-publish","format-standard","has-post-thumbnail","hentry","category-noticias","tag-brasil","tag-diario","tag-noticia","tag-noticias"],"_links":{"self":[{"href":"https:\/\/tvbrazilusa.com\/pt\/wp-json\/wp\/v2\/posts\/109657","targetHints":{"allow":["GET"]}}],"collection":[{"href":"https:\/\/tvbrazilusa.com\/pt\/wp-json\/wp\/v2\/posts"}],"about":[{"href":"https:\/\/tvbrazilusa.com\/pt\/wp-json\/wp\/v2\/types\/post"}],"author":[{"embeddable":true,"href":"https:\/\/tvbrazilusa.com\/pt\/wp-json\/wp\/v2\/users\/1"}],"replies":[{"embeddable":true,"href":"https:\/\/tvbrazilusa.com\/pt\/wp-json\/wp\/v2\/comments?post=109657"}],"version-history":[{"count":1,"href":"https:\/\/tvbrazilusa.com\/pt\/wp-json\/wp\/v2\/posts\/109657\/revisions"}],"predecessor-version":[{"id":109659,"href":"https:\/\/tvbrazilusa.com\/pt\/wp-json\/wp\/v2\/posts\/109657\/revisions\/109659"}],"wp:featuredmedia":[{"embeddable":true,"href":"https:\/\/tvbrazilusa.com\/pt\/wp-json\/wp\/v2\/media\/109658"}],"wp:attachment":[{"href":"https:\/\/tvbrazilusa.com\/pt\/wp-json\/wp\/v2\/media?parent=109657"}],"wp:term":[{"taxonomy":"category","embeddable":true,"href":"https:\/\/tvbrazilusa.com\/pt\/wp-json\/wp\/v2\/categories?post=109657"},{"taxonomy":"post_tag","embeddable":true,"href":"https:\/\/tvbrazilusa.com\/pt\/wp-json\/wp\/v2\/tags?post=109657"}],"curies":[{"name":"wp","href":"https:\/\/api.w.org\/{rel}","templated":true}]}}