{"id":109669,"date":"2025-03-09T19:35:16","date_gmt":"2025-03-09T19:35:16","guid":{"rendered":"https:\/\/tvbrazilusa.com\/2025\/03\/09\/stf-ja-possui-maioria-para-tornar-reus-deputados-do-pl-acusados-de-corrupcao\/"},"modified":"2025-03-09T19:35:20","modified_gmt":"2025-03-09T19:35:20","slug":"stf-ja-possui-maioria-para-tornar-reus-deputados-do-pl-acusados-de-corrupcao","status":"publish","type":"post","link":"https:\/\/tvbrazilusa.com\/pt\/2025\/03\/09\/stf-ja-possui-maioria-para-tornar-reus-deputados-do-pl-acusados-de-corrupcao\/","title":{"rendered":"STF j\u00e1 possui maioria para tornar r\u00e9us deputados do PL acusados de corrup\u00e7\u00e3o"},"content":{"rendered":"<p> <script async src=\"https:\/\/pagead2.googlesyndication.com\/pagead\/js\/adsbygoogle.js?client=ca-pub-8864793242727901\"\r\n     crossorigin=\"anonymous\"><\/script><br \/>\n<\/p>\n<div id=\"taboola-read-more\" style=\"display:block; width:100%\">\n<p>O Supremo Tribunal Federal (STF) formou maioria neste s\u00e1bado (8\/3) para aceitar a den\u00fancia e tornar r\u00e9us dois deputados e um suplente do Partido Liberal (PL), do ex-presidente Jair Bolsonaro, por corrup\u00e7\u00e3o passiva e organiza\u00e7\u00e3o criminosa.\n<\/p>\n<p>O caso est\u00e1 sendo analisado pela Primeira Turma em plen\u00e1rio virtual. At\u00e9 agora, votaram os ministros Cristiano Zanin (relator), Alexandre de Moraes e C\u00e1rmen L\u00facia, todos no sentido de receber a den\u00fancia.<\/p>\n<p>O colegiado \u00e9 composto por cinco ministros. Al\u00e9m dos que j\u00e1 apresentaram seus votos, tamb\u00e9m fazem parte da Primeira Turma os ministros Luiz Fux e Fl\u00e1vio Dino, magistrado que est\u00e1 no centro dos embates entre a Corte e o Congresso acerca das emendas.\n<\/p>\n<p>Na modalidade virtual, os magistrados apenas depositam seus votos na plataforma da Corte, sem debate. O fim do julgamento est\u00e1 previsto para 11 de mar\u00e7o. At\u00e9 l\u00e1, algum dos ministros ainda pode pedir vista (mais tempo para an\u00e1lise) e travar o julgamento.\n<\/p>\n<p>Os deputados Josimar Maranh\u00e3ozinho (PL-MA), Pastor Gil (PL-MA) e o suplente Bosco Costa (PL-SE) foram denunciados em setembro de 2024 pela Procuradoria-Geral da Rep\u00fablica (PGR) sob suspeita de desvio de emendas parlamentares.\n<\/p>\n<p>Por ser relator, o primeiro a se manifestar foi Zanin. Al\u00e9m dos deputados, ele votou para receber den\u00fancia contra Jo\u00e3o Batista Magalh\u00e3es, citado como intermediador que atuaria no esquema, e outros quatro envolvidos.\n<\/p>\n<p>Segundo o ministro, h\u00e1 \u201cconsider\u00e1veis\u201d ind\u00edcios de que tenha havido corrup\u00e7\u00e3o passiva e cita como exemplo dep\u00f3sitos e transfer\u00eancias banc\u00e1rias analisadas na investiga\u00e7\u00e3o, mensagens trocadas entre os denunciados com refer\u00eancia ao encaminhamento de emendas parlamentares e depoimentos de testemunhas.\n<\/p>\n<p>\u201cContra os tr\u00eas parlamentares h\u00e1 evid\u00eancias produzidas ao longo da investiga\u00e7\u00e3o criminal indicando que teriam atuado em concerta\u00e7\u00e3o il\u00edcita para solicitar ao Prefeito Jos\u00e9 Eudes Sampaio Nunes o pagamento de vantagem indevida, o que caracteriza, em tese, o delito de corrup\u00e7\u00e3o passiva\u201d, diz trecho do voto.\n<\/p>\n<p>Zanin tamb\u00e9m votou pela extin\u00e7\u00e3o de punibilidade de Josival Cavalcanti da Silva, conhecido como Pacovan e apontado como agiota no suposto esquema, devido a sua morte.\n<\/p>\n<p><strong>Den\u00fancia<\/strong>\n<\/p>\n<p>Segundo a PGR, entre janeiro e agosto de 2020, os parlamentares, com o apoio de outras pessoas, solicitaram ao prefeito Eudes Sampaio Nunes, de S\u00e3o Jos\u00e9 do Ribamar (MA), propina para libera\u00e7\u00e3o de recursos federais.\n<\/p>\n<p>O valor do pedido, diz a PGR, foi de R$ 1,6 milh\u00e3o para que fossem liberados R$ 6,6 milh\u00f5es em emendas patrocinadas pelos deputados do PL.\n<\/p>\n<p>De acordo com a procuradoria, o l\u00edder do grupo era o deputado Josimar Maranh\u00e3ozinho, que, em outra apura\u00e7\u00e3o, chegou a ser flagrado com ma\u00e7os de dinheiro.\n<\/p>\n<p>\u201cOs elementos informativos demonstram, portanto, que os denunciados formaram organiza\u00e7\u00e3o criminosa, liderada por Josimar Maranh\u00e3ozinho, voltada \u00e0 indevida comercializa\u00e7\u00e3o de emendas parlamentares\u201d, diz a PGR.\n<\/p>\n<p>Fonte: Metr\u00f3poles              <\/p>\n<\/div>\n<p><br \/>\n<br \/><a href=\"https:\/\/diariodobrasilnoticias.com.br\/noticia\/stf-ja-possui-maioria-para-tornar-reus-deputados-do-pl-acusados-de-corrupcao-67cdbb0fccf82\">Source link <\/a><\/p>","protected":false},"excerpt":{"rendered":"<p>O Supremo Tribunal Federal (STF) formou maioria neste s\u00e1bado (8\/3) para aceitar a den\u00fancia e tornar r\u00e9us dois deputados e um suplente do Partido Liberal (PL), do ex-presidente Jair Bolsonaro,&hellip;<\/p>","protected":false},"author":1,"featured_media":109670,"comment_status":"closed","ping_status":"open","sticky":false,"template":"","format":"standard","meta":{"content-type":"","footnotes":""},"categories":[16],"tags":[123,2448,5313,1267],"class_list":["post-109669","post","type-post","status-publish","format-standard","has-post-thumbnail","hentry","category-noticias","tag-brasil","tag-diario","tag-noticia","tag-noticias"],"_links":{"self":[{"href":"https:\/\/tvbrazilusa.com\/pt\/wp-json\/wp\/v2\/posts\/109669","targetHints":{"allow":["GET"]}}],"collection":[{"href":"https:\/\/tvbrazilusa.com\/pt\/wp-json\/wp\/v2\/posts"}],"about":[{"href":"https:\/\/tvbrazilusa.com\/pt\/wp-json\/wp\/v2\/types\/post"}],"author":[{"embeddable":true,"href":"https:\/\/tvbrazilusa.com\/pt\/wp-json\/wp\/v2\/users\/1"}],"replies":[{"embeddable":true,"href":"https:\/\/tvbrazilusa.com\/pt\/wp-json\/wp\/v2\/comments?post=109669"}],"version-history":[{"count":1,"href":"https:\/\/tvbrazilusa.com\/pt\/wp-json\/wp\/v2\/posts\/109669\/revisions"}],"predecessor-version":[{"id":109671,"href":"https:\/\/tvbrazilusa.com\/pt\/wp-json\/wp\/v2\/posts\/109669\/revisions\/109671"}],"wp:featuredmedia":[{"embeddable":true,"href":"https:\/\/tvbrazilusa.com\/pt\/wp-json\/wp\/v2\/media\/109670"}],"wp:attachment":[{"href":"https:\/\/tvbrazilusa.com\/pt\/wp-json\/wp\/v2\/media?parent=109669"}],"wp:term":[{"taxonomy":"category","embeddable":true,"href":"https:\/\/tvbrazilusa.com\/pt\/wp-json\/wp\/v2\/categories?post=109669"},{"taxonomy":"post_tag","embeddable":true,"href":"https:\/\/tvbrazilusa.com\/pt\/wp-json\/wp\/v2\/tags?post=109669"}],"curies":[{"name":"wp","href":"https:\/\/api.w.org\/{rel}","templated":true}]}}