{"id":109675,"date":"2025-03-09T20:02:55","date_gmt":"2025-03-09T20:02:55","guid":{"rendered":"https:\/\/tvbrazilusa.com\/2025\/03\/09\/homem-em-carro-de-luxo-atropela-adolescente-de-12-anos-na-praia-grande-sp-e-foge-veja-video\/"},"modified":"2025-03-09T20:02:57","modified_gmt":"2025-03-09T20:02:57","slug":"homem-em-carro-de-luxo-atropela-adolescente-de-12-anos-na-praia-grande-sp-e-foge-veja-video","status":"publish","type":"post","link":"https:\/\/tvbrazilusa.com\/pt\/2025\/03\/09\/homem-em-carro-de-luxo-atropela-adolescente-de-12-anos-na-praia-grande-sp-e-foge-veja-video\/","title":{"rendered":"Homem em carro de luxo atropela adolescente de 12 anos na Praia Grande (SP) e foge; VEJA V\u00cdDEO"},"content":{"rendered":"<p> <script async src=\"https:\/\/pagead2.googlesyndication.com\/pagead\/js\/adsbygoogle.js?client=ca-pub-8864793242727901\"\r\n     crossorigin=\"anonymous\"><\/script><br \/>\n<\/p>\n<div id=\"taboola-read-more\" style=\"display:block; width:100%\">\n<p>Um motorista de um carro de luxo atropelou um adolescente, de 12 anos, na faixa de pedestres e fugiu sem prestar socorro. A v\u00edtima sofreu uma fratura no \u00edsquio, o osso da p\u00e9lvis, e recebeu a ordem m\u00e9dica de repouso absoluto por pelo menos 30 dias, ficando sem andar desde ent\u00e3o. C\u00e2meras de monitoramento flagraram o crime em Praia Grande, no litoral de S\u00e3o Paulo.\n<\/p>\n<p>O caso ocorreu na Avenida Presidente Castelo Branco, no bairro Guilhermina. No v\u00eddeo, \u00e9 poss\u00edvel ver que a via \u00e9 de m\u00e3o dupla e o adolescente foi atingido por uma Mercedes-Benz que passou em alta velocidade.<\/p>\n<p>Morador da capital paulista, o motoboy Luccas dos Santos Franco, irm\u00e3o da v\u00edtima, contou que havia acabado de chegar na cidade quando presenciou o atropelamento. Segundo ele, a fam\u00edlia viajou ao litoral para passar o Carnaval.\n<\/p>\n<p>O adolescente e a m\u00e3e chegaram na cidade no dia anterior e, por isso, estavam na orla da praia quando Luccas chegou. \u201cEstacionei minha moto e meu irm\u00e3o me viu. No que ele me viu, foi l\u00e1 para falar comigo [do outro lado da rua]\u201d, relembrou. \u201cOuvi o barulho do impacto, vi meu irm\u00e3o voando e depois ele no ch\u00e3o\u201d.\n<\/p>\n<p>Luccas ajudou o irm\u00e3o e, em seguida, tentou seguir o carro com a moto. \u201cEle [motorista] fugiu, n\u00e3o consegui localizar o indiv\u00edduo. Algumas pessoas falaram que ele virou uma rua com tudo e quase atropelou outras pessoas e bateu em outro carro\u201d, disse.\n<\/p>\n<p><strong>Socorro<\/strong>\n<\/p>\n<p>De acordo com Luccas, o irm\u00e3o foi encaminhado ao Pronto-Socorro Central da cidade, onde ficou internado por tr\u00eas dias. No local, ele foi diagnosticado com fratura no \u00edsquio e recebeu a ordem m\u00e9dica de repouso absoluto.\n<\/p>\n<p>\u201cEle est\u00e1 acamado [&#8230;]. N\u00e3o consegue levantar para ir ao banheiro, para tomar \u00e1gua, para nada. Ele est\u00e1 deitado e tem que ficar de repouso\u201d, relatou o motoboy.<br \/>Al\u00e9m da melhora do adolescente, a fam\u00edlia busca por justi\u00e7a pelo caso. \u201cO cara atropelar uma crian\u00e7a de 12 anos e fugir, n\u00e3o ajudar a crian\u00e7a. Ouvimos por terceiros que ele estava embriagado tamb\u00e9m. Isso \u00e9 um crime e a gente quer justi\u00e7a\u201d, finalizou Luccas, que busca informa\u00e7\u00f5es sobre a placa do ve\u00edculo para denunciar o homem \u00e0s autoridades.\n<\/p>\n<p><strong>SSP-SP<\/strong>\n<\/p>\n<p>Em nota, a Secretaria de Seguran\u00e7a P\u00fablica de S\u00e3o Paulo (SSP-SP) informou que o caso \u00e9 investigado no 2\u00ba Distrito Policial de Praia Grande.\n<\/p>\n<p>&#8220;Um indiv\u00edduo, ainda n\u00e3o identificado, atropelou um menino, de 12 anos, na noite deste domingo (2), na Avenida Presidente Castelo Branco, em Praia Grande. Dilig\u00eancias s\u00e3o realizadas para a identifica\u00e7\u00e3o do autor&#8221;, pontuou a pasta.\n<\/p>\n<p>Veja v\u00eddeo:\n<\/p>\n<p>Fonte: g1              <\/p>\n<\/div>\n<p><br \/>\n<br \/><a href=\"https:\/\/diariodobrasilnoticias.com.br\/noticia\/homem-em-carro-de-luxo-atropela-adolescente-de-12-anos-na-praia-grande-sp-e-foge-veja-video-67cdcd2e04caf\">Source link <\/a><\/p>","protected":false},"excerpt":{"rendered":"<p>Um motorista de um carro de luxo atropelou um adolescente, de 12 anos, na faixa de pedestres e fugiu sem prestar socorro. A v\u00edtima sofreu uma fratura no \u00edsquio, o&hellip;<\/p>","protected":false},"author":1,"featured_media":109676,"comment_status":"closed","ping_status":"open","sticky":false,"template":"","format":"standard","meta":{"content-type":"","footnotes":""},"categories":[16],"tags":[123,2448,5313,1267],"class_list":["post-109675","post","type-post","status-publish","format-standard","has-post-thumbnail","hentry","category-noticias","tag-brasil","tag-diario","tag-noticia","tag-noticias"],"_links":{"self":[{"href":"https:\/\/tvbrazilusa.com\/pt\/wp-json\/wp\/v2\/posts\/109675","targetHints":{"allow":["GET"]}}],"collection":[{"href":"https:\/\/tvbrazilusa.com\/pt\/wp-json\/wp\/v2\/posts"}],"about":[{"href":"https:\/\/tvbrazilusa.com\/pt\/wp-json\/wp\/v2\/types\/post"}],"author":[{"embeddable":true,"href":"https:\/\/tvbrazilusa.com\/pt\/wp-json\/wp\/v2\/users\/1"}],"replies":[{"embeddable":true,"href":"https:\/\/tvbrazilusa.com\/pt\/wp-json\/wp\/v2\/comments?post=109675"}],"version-history":[{"count":1,"href":"https:\/\/tvbrazilusa.com\/pt\/wp-json\/wp\/v2\/posts\/109675\/revisions"}],"predecessor-version":[{"id":109677,"href":"https:\/\/tvbrazilusa.com\/pt\/wp-json\/wp\/v2\/posts\/109675\/revisions\/109677"}],"wp:featuredmedia":[{"embeddable":true,"href":"https:\/\/tvbrazilusa.com\/pt\/wp-json\/wp\/v2\/media\/109676"}],"wp:attachment":[{"href":"https:\/\/tvbrazilusa.com\/pt\/wp-json\/wp\/v2\/media?parent=109675"}],"wp:term":[{"taxonomy":"category","embeddable":true,"href":"https:\/\/tvbrazilusa.com\/pt\/wp-json\/wp\/v2\/categories?post=109675"},{"taxonomy":"post_tag","embeddable":true,"href":"https:\/\/tvbrazilusa.com\/pt\/wp-json\/wp\/v2\/tags?post=109675"}],"curies":[{"name":"wp","href":"https:\/\/api.w.org\/{rel}","templated":true}]}}