{"id":109678,"date":"2025-03-09T20:14:36","date_gmt":"2025-03-09T20:14:36","guid":{"rendered":"https:\/\/tvbrazilusa.com\/2025\/03\/09\/uma-mulher-armada-se-defende-de-dois-criminosos-que-tentam-rouba-la-em-uma-motocicleta-e-um-deles-e-abatido-veja-video\/"},"modified":"2025-03-09T20:14:37","modified_gmt":"2025-03-09T20:14:37","slug":"uma-mulher-armada-se-defende-de-dois-criminosos-que-tentam-rouba-la-em-uma-motocicleta-e-um-deles-e-abatido-veja-video","status":"publish","type":"post","link":"https:\/\/tvbrazilusa.com\/pt\/2025\/03\/09\/uma-mulher-armada-se-defende-de-dois-criminosos-que-tentam-rouba-la-em-uma-motocicleta-e-um-deles-e-abatido-veja-video\/","title":{"rendered":"Uma mulher armada se defende de dois criminosos que tentam roub\u00e1-la em uma motocicleta e um deles \u00e9 abatido. veja v\u00eddeo"},"content":{"rendered":"<p> <script async src=\"https:\/\/pagead2.googlesyndication.com\/pagead\/js\/adsbygoogle.js?client=ca-pub-8864793242727901\"\r\n     crossorigin=\"anonymous\"><\/script><br \/>\n<br \/>Uma mulher armada se defende de dois criminosos que tentam roub\u00e1-la em uma motocicleta e um deles \u00e9 abatido. veja v\u00eddeo<br \/>\n<br \/><br \/>\n<br \/><a href=\"https:\/\/diariodobrasilnoticias.com.br\/noticia\/uma-mulher-armada-se-defende-de-dois-criminosos-que-tentam-rouba-la-em-uma-motocicleta-e-um-deles-e-abatido-veja-video-67cdd72dd750c\">Source link <\/a><\/p>","protected":false},"excerpt":{"rendered":"<p>Uma mulher armada se defende de dois criminosos que tentam roub\u00e1-la em uma motocicleta e um deles \u00e9 abatido. veja v\u00eddeo Source link<\/p>","protected":false},"author":1,"featured_media":109679,"comment_status":"closed","ping_status":"open","sticky":false,"template":"","format":"standard","meta":{"content-type":"","footnotes":""},"categories":[16],"tags":[123,2448,5313,1267],"class_list":["post-109678","post","type-post","status-publish","format-standard","has-post-thumbnail","hentry","category-noticias","tag-brasil","tag-diario","tag-noticia","tag-noticias"],"_links":{"self":[{"href":"https:\/\/tvbrazilusa.com\/pt\/wp-json\/wp\/v2\/posts\/109678","targetHints":{"allow":["GET"]}}],"collection":[{"href":"https:\/\/tvbrazilusa.com\/pt\/wp-json\/wp\/v2\/posts"}],"about":[{"href":"https:\/\/tvbrazilusa.com\/pt\/wp-json\/wp\/v2\/types\/post"}],"author":[{"embeddable":true,"href":"https:\/\/tvbrazilusa.com\/pt\/wp-json\/wp\/v2\/users\/1"}],"replies":[{"embeddable":true,"href":"https:\/\/tvbrazilusa.com\/pt\/wp-json\/wp\/v2\/comments?post=109678"}],"version-history":[{"count":1,"href":"https:\/\/tvbrazilusa.com\/pt\/wp-json\/wp\/v2\/posts\/109678\/revisions"}],"predecessor-version":[{"id":109680,"href":"https:\/\/tvbrazilusa.com\/pt\/wp-json\/wp\/v2\/posts\/109678\/revisions\/109680"}],"wp:featuredmedia":[{"embeddable":true,"href":"https:\/\/tvbrazilusa.com\/pt\/wp-json\/wp\/v2\/media\/109679"}],"wp:attachment":[{"href":"https:\/\/tvbrazilusa.com\/pt\/wp-json\/wp\/v2\/media?parent=109678"}],"wp:term":[{"taxonomy":"category","embeddable":true,"href":"https:\/\/tvbrazilusa.com\/pt\/wp-json\/wp\/v2\/categories?post=109678"},{"taxonomy":"post_tag","embeddable":true,"href":"https:\/\/tvbrazilusa.com\/pt\/wp-json\/wp\/v2\/tags?post=109678"}],"curies":[{"name":"wp","href":"https:\/\/api.w.org\/{rel}","templated":true}]}}