{"id":109681,"date":"2025-03-09T20:26:17","date_gmt":"2025-03-09T20:26:17","guid":{"rendered":"https:\/\/tvbrazilusa.com\/2025\/03\/09\/perito-ricardo-molina-briga-com-mulher-e-poe-fogo-dentro-de-casa-em-sp\/"},"modified":"2025-03-09T20:26:21","modified_gmt":"2025-03-09T20:26:21","slug":"perito-ricardo-molina-briga-com-mulher-e-poe-fogo-dentro-de-casa-em-sp","status":"publish","type":"post","link":"https:\/\/tvbrazilusa.com\/pt\/2025\/03\/09\/perito-ricardo-molina-briga-com-mulher-e-poe-fogo-dentro-de-casa-em-sp\/","title":{"rendered":"Perito Ricardo Molina briga com mulher e p\u00f5e fogo dentro de casa em SP"},"content":{"rendered":"<p> <script async src=\"https:\/\/pagead2.googlesyndication.com\/pagead\/js\/adsbygoogle.js?client=ca-pub-8864793242727901\"\r\n     crossorigin=\"anonymous\"><\/script><br \/>\n<\/p>\n<div id=\"taboola-read-more\" style=\"display:block; width:100%\">\n<p>O perito e ex-professor da\u00a0<a href=\"https:\/\/unicamp.br\/\" target=\"_blank\" rel=\"noopener noreferrer\">Unicamp<\/a>\u00a0Ricardo Molina de Figueiredo, de 73 anos, conhecido por atuar em crimes de grande repercuss\u00e3o, como o caso PC Farias, voltou a se envolver em um caso de viol\u00eancia dom\u00e9stica na noite desse s\u00e1bado (8\/3) em\u00a0<a href=\"https:\/\/www.metropoles.com\/tag\/campinas\">Campinas<\/a>, interior de\u00a0<a href=\"https:\/\/www.metropoles.com\/sao-paulo\">S\u00e3o Paulo<\/a>. Desta vez, a v\u00edtima \u00e9 sua atual companheira, uma mulher de 45 anos.\n<\/p>\n<p>A\u00a0<a href=\"https:\/\/www.policiamilitar.sp.gov.br\/\" target=\"_blank\" rel=\"noopener noreferrer\">Pol\u00edcia Militar<\/a>\u00a0foi chamada \u00e0 resid\u00eancia do casal, uma casa no Condom\u00ednio Caminhos de S\u00e3o Conrado, ap\u00f3s den\u00fancias de uma suposta briga entre os dois. Ao chegar ao local, os policiais foram informados de que Molina teria sido visto com uma faca.<\/p>\n<p>De acordo com o registro da ocorr\u00eancia, os agentes conseguiram entrar na casa, mas n\u00e3o tinham acesso ao casal. A mulher de Molina foi avistada em uma sacada do pavimento superior. Ela conseguiu descer para o andar t\u00e9rreo e foi auxiliada a sair do local por uma janela.\n<\/p>\n<h4>Objetos quebrados e fogo<\/h4>\n<p>Em seguida, os policiais passaram a procurar por Molina. Eles ouviram o ru\u00eddos de objetos sendo atirados e quebrados no ch\u00e3o e o odor de coisas pegando\u00a0<a href=\"https:\/\/www.metropoles.com\/tag\/fogo\">fogo<\/a>\u00a0e arrombaram a porta de entrada da resid\u00eancia\n<\/p>\n<p>Dentro da casa, encontraram Molina atirando objetos, pap\u00e9is e roupas em uma fogueira que ele mesmo iniciara. Inicialmente, ele se escondeu, mas foi encontrado e detido pelos policiais.\n<\/p>\n<p>Molina estava com um canivete e tinha ferimentos leves no p\u00e9 por ter andado sob cacos de objetos quebrados. Ele foi levado para atendimento m\u00e9dico e, posteriormente, levado \u00e0\u00a0<a href=\"https:\/\/conheca.campinas.sp.gov.br\/pois\/361\" target=\"_blank\" rel=\"noopener noreferrer\">Delegacia de Defesa da Mulher de Campinas<\/a>\u00a0para ser ouvido.\n<\/p>\n<p>A mulher dele ficou muito nervosa e tamb\u00e9m foi levada ao hospital para realizar exames. De acordo com o boletim de ocorr\u00eancia, ela n\u00e3o tinha les\u00f5es aparentes. O caso foi registrado como viol\u00eancia dom\u00e9stica e o casal, que apresentou vers\u00f5es antag\u00f4nicas \u00e0 pol\u00edcia, foi liberado.\n<\/p>\n<h4>Quem \u00e9 Ricardo Molina<\/h4>\n<ul>\n<li>Ricardo Molina \u00e9 perito em fon\u00e9tica forense e ex-professor da Unicamp.<\/li>\n<li>Ele ficou conhecido nacionalmente por ter trabalhado nas investiga\u00e7\u00f5es do\u00a0<a href=\"https:\/\/www.metropoles.com\/entretenimento\/televisao\/serie-segredos-tropicais-contara-os-ultimos-anos-de-pc-farias\">assassinato de PC Farias<\/a>, assessor de Fernando Collor de Mello, morto em 1996.<\/li>\n<li>Molina tamb\u00e9m trabalhou em outros casos famosos, como o acidente a\u00e9reo que matou os integrantes da banda Mamonas Asssassinas.<\/li>\n<li>Em 20217, ele foi contratado pela defesa de Michel Temer para\u00a0<a href=\"https:\/\/www.metropoles.com\/brasil\/politica-brasil\/perito-aponta-cortes-em-audio-de-joesley-batista-com-temer\">analisar os \u00e1udios de Joesley Batista<\/a>.<\/li>\n<\/ul>\n<h4>Hist\u00f3rico de viol\u00eancia<\/h4>\n<p>Ricado Molina j\u00e1\u00a0<a href=\"https:\/\/www.metropoles.com\/distrito-federal\/na-mira\/ex-de-ricardo-molina-afirma-que-havia-plano-para-sequestra-la\">foi acusado de viol\u00eancia dom\u00e9stica por sua ex-mulher<\/a>. Em 2023, ela procurou a\u00a0<a href=\"https:\/\/policiacivil.sp.gov.br\/\" target=\"_blank\" rel=\"noopener noreferrer\">Pol\u00edcia Civil<\/a>\u00a0para denunciar que o perito planejava um sequestro para intern\u00e1-la de forma compuls\u00f3ria.\n<\/p>\n<p>Esse plano seria executado com ajuda do seu ex-sogro, pai de Molina, como uma estrat\u00e9gia de tir\u00e1-la de cena no processo de div\u00f3rcio. No boletim de ocorr\u00eancia, a ex-mulher contou que sofria viol\u00eancia dom\u00e9stica e possui medida protetiva contra o ex.\n<\/p>\n<p>Com informa\u00e7\u00f5es metr\u00f3poles              <\/p>\n<\/div>\n<p><br \/>\n<br \/><a href=\"https:\/\/diariodobrasilnoticias.com.br\/noticia\/perito-ricardo-molina-briga-com-mulher-e-poe-fogo-dentro-de-casa-em-sp-67cddabd34ddb\">Source link <\/a><\/p>","protected":false},"excerpt":{"rendered":"<p>O perito e ex-professor da\u00a0Unicamp\u00a0Ricardo Molina de Figueiredo, de 73 anos, conhecido por atuar em crimes de grande repercuss\u00e3o, como o caso PC Farias, voltou a se envolver em um&hellip;<\/p>","protected":false},"author":1,"featured_media":109682,"comment_status":"closed","ping_status":"open","sticky":false,"template":"","format":"standard","meta":{"content-type":"","footnotes":""},"categories":[16],"tags":[123,2448,5313,1267],"class_list":["post-109681","post","type-post","status-publish","format-standard","has-post-thumbnail","hentry","category-noticias","tag-brasil","tag-diario","tag-noticia","tag-noticias"],"_links":{"self":[{"href":"https:\/\/tvbrazilusa.com\/pt\/wp-json\/wp\/v2\/posts\/109681","targetHints":{"allow":["GET"]}}],"collection":[{"href":"https:\/\/tvbrazilusa.com\/pt\/wp-json\/wp\/v2\/posts"}],"about":[{"href":"https:\/\/tvbrazilusa.com\/pt\/wp-json\/wp\/v2\/types\/post"}],"author":[{"embeddable":true,"href":"https:\/\/tvbrazilusa.com\/pt\/wp-json\/wp\/v2\/users\/1"}],"replies":[{"embeddable":true,"href":"https:\/\/tvbrazilusa.com\/pt\/wp-json\/wp\/v2\/comments?post=109681"}],"version-history":[{"count":1,"href":"https:\/\/tvbrazilusa.com\/pt\/wp-json\/wp\/v2\/posts\/109681\/revisions"}],"predecessor-version":[{"id":109683,"href":"https:\/\/tvbrazilusa.com\/pt\/wp-json\/wp\/v2\/posts\/109681\/revisions\/109683"}],"wp:featuredmedia":[{"embeddable":true,"href":"https:\/\/tvbrazilusa.com\/pt\/wp-json\/wp\/v2\/media\/109682"}],"wp:attachment":[{"href":"https:\/\/tvbrazilusa.com\/pt\/wp-json\/wp\/v2\/media?parent=109681"}],"wp:term":[{"taxonomy":"category","embeddable":true,"href":"https:\/\/tvbrazilusa.com\/pt\/wp-json\/wp\/v2\/categories?post=109681"},{"taxonomy":"post_tag","embeddable":true,"href":"https:\/\/tvbrazilusa.com\/pt\/wp-json\/wp\/v2\/tags?post=109681"}],"curies":[{"name":"wp","href":"https:\/\/api.w.org\/{rel}","templated":true}]}}