{"id":109696,"date":"2025-03-09T21:32:34","date_gmt":"2025-03-09T21:32:34","guid":{"rendered":"https:\/\/tvbrazilusa.com\/2025\/03\/09\/principe-de-luxemburgo-morre-aos-22-anos\/"},"modified":"2025-03-09T21:32:37","modified_gmt":"2025-03-09T21:32:37","slug":"principe-de-luxemburgo-morre-aos-22-anos","status":"publish","type":"post","link":"https:\/\/tvbrazilusa.com\/pt\/2025\/03\/09\/principe-de-luxemburgo-morre-aos-22-anos\/","title":{"rendered":"Pr\u00edncipe de Luxemburgo morre aos 22 anos"},"content":{"rendered":"<p> <script async src=\"https:\/\/pagead2.googlesyndication.com\/pagead\/js\/adsbygoogle.js?client=ca-pub-8864793242727901\"\r\n     crossorigin=\"anonymous\"><\/script><br \/>\n<\/p>\n<div id=\"\">\n<h2 class=\"author\">Leiliane Lopes &#8211;\u00a0<span class=\"date\">08\/03\/2025\u00a0<\/span><span class=\"time\">17h40 | atualizado em 08\/03\/2025 21h07<\/span><\/h2>\n<figure class=\"image-block\">\n<div class=\"\"><\/div><figcaption>Frederik de Nassau\u00a0<span class=\"name\">Foto: Instagram @royalsofluxembourg<\/span><\/figcaption><\/figure>\n<p>Neste s\u00e1bado (8), a Funda\u00e7\u00e3o PolG anunciou a morte do pr\u00edncipe Frederik de Nassau, filho do pr\u00edncipe Robert de Luxemburgo e da princesa Julie de Nassau. Frederik, nascido em 18 de mar\u00e7o de 2002, faleceu devido a uma doen\u00e7a mitocondrial relacionada \u00e0 PolG.\n<\/p>\n<p>Em comunicado, a fam\u00edlia expressou profunda tristeza. O pr\u00edncipe Frederik se despediu de seus familiares no dia 28 de fevereiro, no Dia das Doen\u00e7as Raras. Ele conversou com seus pais, irm\u00e3os, primos e tios antes de partir.\n<\/p>\n<p class=\"leiamais\"><strong>Leia tamb\u00e9m<\/strong><span class=\"leianum\">1<\/span>\u00a0<a class=\"leia_mais_links event-click\" href=\"https:\/\/pleno.news\/brasil\/politica-nacional\/lula-atende-janja-ao-indicar-advogada-para-superior-tribunal-militar.html\" data-category=\"Leia Mais\" data-action=\"click\" data-label=\"https:\/\/pleno.news\/brasil\/politica-nacional\/lula-atende-janja-ao-indicar-advogada-para-superior-tribunal-militar.html\">Lula atende Janja ao indicar advogada para Superior Tribunal Militar<\/a><br \/><span class=\"leianum\">2<\/span>\u00a0<a class=\"leia_mais_links event-click\" href=\"https:\/\/pleno.news\/mundo\/eua-antes-de-ser-fuzilado-condenado-a-morte-fez-apelo-aos-cristaos.html\" data-category=\"Leia Mais\" data-action=\"click\" data-label=\"https:\/\/pleno.news\/mundo\/eua-antes-de-ser-fuzilado-condenado-a-morte-fez-apelo-aos-cristaos.html\">Antes de ser fuzilado, condenado \u00e0 morte fez apelo aos crist\u00e3os<\/a><br \/><span class=\"leianum\">3<\/span>\u00a0<a class=\"leia_mais_links event-click\" href=\"https:\/\/pleno.news\/brasil\/politica-nacional\/lula-nao-recebe-sete-ministros-ha-mais-de-100-dias.html\" data-category=\"Leia Mais\" data-action=\"click\" data-label=\"https:\/\/pleno.news\/brasil\/politica-nacional\/lula-nao-recebe-sete-ministros-ha-mais-de-100-dias.html\">Lula n\u00e3o recebe sete ministros h\u00e1 mais de 100 dias<\/a><br \/><span class=\"leianum\">4<\/span>\u00a0<a class=\"leia_mais_links event-click\" href=\"https:\/\/pleno.news\/brasil\/gloria-perez-presta-homenagem-a-bravura-de-heley-de-abreu.html\" data-category=\"Leia Mais\" data-action=\"click\" data-label=\"https:\/\/pleno.news\/brasil\/gloria-perez-presta-homenagem-a-bravura-de-heley-de-abreu.html\">Gl\u00f3ria Perez presta homenagem \u00e0 bravura de Heley de Abreu<\/a><br \/><span class=\"leianum\">5<\/span>\u00a0<a class=\"leia_mais_links event-click\" href=\"https:\/\/pleno.news\/mundo\/conservadores-farao-ato-pro-bolsonaro-na-florida-no-dia-16.html\" data-category=\"Leia Mais\" data-action=\"click\" data-label=\"https:\/\/pleno.news\/mundo\/conservadores-farao-ato-pro-bolsonaro-na-florida-no-dia-16.html\">Conservadores far\u00e3o ato pr\u00f3-Bolsonaro na Fl\u00f3rida no dia 16<\/a>\n<\/p>\n<p>\u2013 Mesmo em seus \u00faltimos momentos, seu humor e sua compaix\u00e3o sem limites o compeliram a nos deixar com uma \u00faltima risada\u2026 para nos animar a todos \u2013 diz o comunicado da fam\u00edlia.\n<\/p>\n<p>\u00a0<\/p>\n<p>Suas \u00faltimas palavras foram um pedido de confirma\u00e7\u00e3o: \u201cPapai, voc\u00ea est\u00e1 orgulhoso de mim?\u201d E a resposta foi afirmativa.\n<\/p>\n<p>\u2013 A resposta foi muito f\u00e1cil, e ele a ouviu tantas vezes\u2026 mas, naquele momento, ele precisava de garantias de que havia contribu\u00eddo com tudo o que podia em sua curta e bela exist\u00eancia e que agora poderia finalmente seguir em frente \u2013 conclui o comunicado publicado nas redes sociais.\n<\/p>\n<p>PolG (ou DNA polimerase gama) \u00e9 uma enzima essencial para a replica\u00e7\u00e3o e manuten\u00e7\u00e3o do DNA mitocondrial. Muta\u00e7\u00f5es no gene POlG, que codifica essa enzima, podem causar doen\u00e7as mitocondriais, afetando a produ\u00e7\u00e3o de energia nas c\u00e9lulas. Essas doen\u00e7as podem levar a problemas neuromusculares, hep\u00e1ticos e neurol\u00f3gicos, variando de gravidade conforme a muta\u00e7\u00e3o.\n<\/p>\n<p><strong>Confira:<\/strong>\n<\/p>\n<p>\u00a0<\/p>\n<p><iframe id=\"instagram-embed-0\" class=\"instagram-media instagram-media-rendered\" src=\"https:\/\/www.instagram.com\/p\/DG6TxSntYC2\/embed\/captioned\/?cr=1&#038;v=14&#038;wp=540&#038;rd=https%3A%2F%2Fpleno.news&#038;rp=%2Fmundo%2Fprincipe-de-luxemburgo-morre-aos-22-anos.html#%7B%22ci%22%3A0%2C%22os%22%3A1971.3999996185303%2C%22ls%22%3A979.0999999046326%2C%22le%22%3A1820.3999996185303%7D\" width=\"300\" height=\"1562\" frameborder=\"0\" scrolling=\"no\" allowfullscreen=\"allowfullscreen\" data-instgrm-payload-id=\"instagram-media-payload-0\" data-mce-fragment=\"1\"><\/iframe><\/p>\n<p>Com informa\u00e7\u00f5es pleno news<\/p>\n<\/div>\n<p><script async src=\"\/\/www.instagram.com\/embed.js\"><\/script><br \/>\n<br \/><br \/>\n<br \/><a href=\"https:\/\/diariodobrasilnoticias.com.br\/noticia\/principe-de-luxemburgo-morre-aos-22-anos-67cde1d783087\">Source link <\/a><\/p>","protected":false},"excerpt":{"rendered":"<p>Leiliane Lopes &#8211;\u00a008\/03\/2025\u00a017h40 | atualizado em 08\/03\/2025 21h07 Frederik de Nassau\u00a0Foto: Instagram @royalsofluxembourg Neste s\u00e1bado (8), a Funda\u00e7\u00e3o PolG anunciou a morte do pr\u00edncipe Frederik de Nassau, filho do pr\u00edncipe&hellip;<\/p>","protected":false},"author":1,"featured_media":109697,"comment_status":"closed","ping_status":"open","sticky":false,"template":"","format":"standard","meta":{"content-type":"","footnotes":""},"categories":[16],"tags":[123,2448,5313,1267],"class_list":["post-109696","post","type-post","status-publish","format-standard","has-post-thumbnail","hentry","category-noticias","tag-brasil","tag-diario","tag-noticia","tag-noticias"],"_links":{"self":[{"href":"https:\/\/tvbrazilusa.com\/pt\/wp-json\/wp\/v2\/posts\/109696","targetHints":{"allow":["GET"]}}],"collection":[{"href":"https:\/\/tvbrazilusa.com\/pt\/wp-json\/wp\/v2\/posts"}],"about":[{"href":"https:\/\/tvbrazilusa.com\/pt\/wp-json\/wp\/v2\/types\/post"}],"author":[{"embeddable":true,"href":"https:\/\/tvbrazilusa.com\/pt\/wp-json\/wp\/v2\/users\/1"}],"replies":[{"embeddable":true,"href":"https:\/\/tvbrazilusa.com\/pt\/wp-json\/wp\/v2\/comments?post=109696"}],"version-history":[{"count":1,"href":"https:\/\/tvbrazilusa.com\/pt\/wp-json\/wp\/v2\/posts\/109696\/revisions"}],"predecessor-version":[{"id":109698,"href":"https:\/\/tvbrazilusa.com\/pt\/wp-json\/wp\/v2\/posts\/109696\/revisions\/109698"}],"wp:featuredmedia":[{"embeddable":true,"href":"https:\/\/tvbrazilusa.com\/pt\/wp-json\/wp\/v2\/media\/109697"}],"wp:attachment":[{"href":"https:\/\/tvbrazilusa.com\/pt\/wp-json\/wp\/v2\/media?parent=109696"}],"wp:term":[{"taxonomy":"category","embeddable":true,"href":"https:\/\/tvbrazilusa.com\/pt\/wp-json\/wp\/v2\/categories?post=109696"},{"taxonomy":"post_tag","embeddable":true,"href":"https:\/\/tvbrazilusa.com\/pt\/wp-json\/wp\/v2\/tags?post=109696"}],"curies":[{"name":"wp","href":"https:\/\/api.w.org\/{rel}","templated":true}]}}