{"id":109742,"date":"2025-03-10T01:04:20","date_gmt":"2025-03-10T01:04:20","guid":{"rendered":"https:\/\/tvbrazilusa.com\/2025\/03\/10\/new-york-declara-estado-de-emergencia-devido-incendios-por-long-island\/"},"modified":"2025-03-10T01:04:22","modified_gmt":"2025-03-10T01:04:22","slug":"new-york-declara-estado-de-emergencia-devido-incendios-por-long-island","status":"publish","type":"post","link":"https:\/\/tvbrazilusa.com\/pt\/2025\/03\/10\/new-york-declara-estado-de-emergencia-devido-incendios-por-long-island\/","title":{"rendered":"New york declara estado de emerg\u00eancia devido inc\u00eandios por long island"},"content":{"rendered":"<p> <script async src=\"https:\/\/pagead2.googlesyndication.com\/pagead\/js\/adsbygoogle.js?client=ca-pub-8864793242727901\"\r\n     crossorigin=\"anonymous\"><\/script><br \/>\n<\/p>\n<div id=\"taboola-read-more\" style=\"display:block; width:100%\">\n<p>A governadora de Nova York, Kathy Hochul, declarou estado de emerg\u00eancia neste s\u00e1bado (08) devido aos inc\u00eandios florestais que atingem a regi\u00e3o de Long Island. A deputada da Assembleia Estadual de Nova York, Jodi Giglio, registrou o c\u00e9u coberto por uma densa fuma\u00e7a preta e pediu aos moradores que evitem as estradas para facilitar o trabalho dos bombeiros no combate \u00e0s chamas.<\/p>\n<p>De acordo com as autoridades do Condado de Suffolk, a Guarda Nacional foi acionada para ajudar a conter tr\u00eas \u201cgrandes inc\u00eandios florestais\u201d na \u00e1rea. Em entrevista coletiva, o coordenador de inc\u00eandios do condado, Rudy Sunderman, informou que um bombeiro foi hospitalizado ap\u00f3s sofrer queimaduras.\n<\/p>\n<p>Com informa\u00e7\u00f5es jovem pan              <\/p>\n<\/div>\n<p><br \/>\n<br \/><a href=\"https:\/\/diariodobrasilnoticias.com.br\/noticia\/new-york-declara-estado-de-emergencia-devido-incendios-por-long-island-67ce14baa20f6\">Source link <\/a><\/p>","protected":false},"excerpt":{"rendered":"<p>A governadora de Nova York, Kathy Hochul, declarou estado de emerg\u00eancia neste s\u00e1bado (08) devido aos inc\u00eandios florestais que atingem a regi\u00e3o de Long Island. A deputada da Assembleia Estadual&hellip;<\/p>","protected":false},"author":1,"featured_media":109743,"comment_status":"closed","ping_status":"open","sticky":false,"template":"","format":"standard","meta":{"content-type":"","footnotes":""},"categories":[16],"tags":[123,2448,5313,1267],"class_list":["post-109742","post","type-post","status-publish","format-standard","has-post-thumbnail","hentry","category-noticias","tag-brasil","tag-diario","tag-noticia","tag-noticias"],"_links":{"self":[{"href":"https:\/\/tvbrazilusa.com\/pt\/wp-json\/wp\/v2\/posts\/109742","targetHints":{"allow":["GET"]}}],"collection":[{"href":"https:\/\/tvbrazilusa.com\/pt\/wp-json\/wp\/v2\/posts"}],"about":[{"href":"https:\/\/tvbrazilusa.com\/pt\/wp-json\/wp\/v2\/types\/post"}],"author":[{"embeddable":true,"href":"https:\/\/tvbrazilusa.com\/pt\/wp-json\/wp\/v2\/users\/1"}],"replies":[{"embeddable":true,"href":"https:\/\/tvbrazilusa.com\/pt\/wp-json\/wp\/v2\/comments?post=109742"}],"version-history":[{"count":1,"href":"https:\/\/tvbrazilusa.com\/pt\/wp-json\/wp\/v2\/posts\/109742\/revisions"}],"predecessor-version":[{"id":109744,"href":"https:\/\/tvbrazilusa.com\/pt\/wp-json\/wp\/v2\/posts\/109742\/revisions\/109744"}],"wp:featuredmedia":[{"embeddable":true,"href":"https:\/\/tvbrazilusa.com\/pt\/wp-json\/wp\/v2\/media\/109743"}],"wp:attachment":[{"href":"https:\/\/tvbrazilusa.com\/pt\/wp-json\/wp\/v2\/media?parent=109742"}],"wp:term":[{"taxonomy":"category","embeddable":true,"href":"https:\/\/tvbrazilusa.com\/pt\/wp-json\/wp\/v2\/categories?post=109742"},{"taxonomy":"post_tag","embeddable":true,"href":"https:\/\/tvbrazilusa.com\/pt\/wp-json\/wp\/v2\/tags?post=109742"}],"curies":[{"name":"wp","href":"https:\/\/api.w.org\/{rel}","templated":true}]}}