{"id":109789,"date":"2025-03-10T10:28:55","date_gmt":"2025-03-10T10:28:55","guid":{"rendered":"https:\/\/tvbrazilusa.com\/2025\/03\/10\/perito-molina-briga-com-parceira-quebra-objetos-e-poe-fogo-na-casa\/"},"modified":"2025-03-10T10:28:56","modified_gmt":"2025-03-10T10:28:56","slug":"perito-molina-briga-com-parceira-quebra-objetos-e-poe-fogo-na-casa","status":"publish","type":"post","link":"https:\/\/tvbrazilusa.com\/pt\/2025\/03\/10\/perito-molina-briga-com-parceira-quebra-objetos-e-poe-fogo-na-casa\/","title":{"rendered":"Perito Molina briga com parceira, quebra objetos e p\u00f5e fogo na casa"},"content":{"rendered":"<p> <script async src=\"https:\/\/pagead2.googlesyndication.com\/pagead\/js\/adsbygoogle.js?client=ca-pub-8864793242727901\"\r\n     crossorigin=\"anonymous\"><\/script><br \/>\n<\/p>\n<div id=\"taboola-read-more\" style=\"display:block; width:100%\">\n<p>Ricardo Molina de Figueiredo, perito de 73 anos e ex-professor da Unicamp, voltou a se envolver em um caso de viol\u00eancia dom\u00e9stica, desta vez com a atual companheira, de 45 anos. Segundo informa\u00e7\u00f5es da Pol\u00edcia Militar, ele foi visto por testemunhas com uma faca durante uma briga com a parceira, quebrou objetos dentro de casa e ateou fogo dentro da pr\u00f3pria resid\u00eancia, em S\u00e3o Paulo. O caso aconteceu neste s\u00e1bado (8), Dia Internacional da Mulher.\n<\/p>\n<p>Segundo informa\u00e7\u00f5es do portal Metr\u00f3poles, vizinhos do casal, que reside no Condom\u00ednio Caminhos de S\u00e3o Conrado, acionaram a PM denunciando uma suposta briga entre os dois e informando que Molina foi visto portando uma arma branca.<\/p>\n<p>Ao chegarem ao local, os agentes ouviram objetos sendo quebrados e cheiro de fogo vindo de dentro da casa. A companheira de Molina, por sua vez, foi vista na sacada. Ela conseguiu descer para o t\u00e9rreo e pular por uma janela com ajuda dos policiais.\n<\/p>\n<p>Ao arrombarem a porta da resid\u00eancia, os agentes encontraram Molina jogando itens inflam\u00e1veis como pap\u00e9is e roupas no fogo que ele iniciou dentro de casa. Ele estava munido com um canivete e tinha ferimentos nos p\u00e9s por ter andado sobre os objetos quebrados.\n<\/p>\n<p>Ap\u00f3s receber atendimento m\u00e9dico, o homem foi levado \u00e0 Delegacia de Defesa da Mulher de Campinas, ouvido em depoimento e posteriormente liberado.\n<\/p>\n<p>A mulher, por sua vez, tamb\u00e9m foi levada a uma unidade de sa\u00fade para fazer exames, embora n\u00e3o houvesse les\u00f5es aparentes. Ela foi ouvida pelas autoridades e deu declara\u00e7\u00f5es antag\u00f4nicas \u00e0s de Molina.\n<\/p>\n<p>O caso foi registrado como viol\u00eancia dom\u00e9stica.\n<\/p>\n<p>Essa n\u00e3o \u00e9 a primeira vez que o perito \u00e9 acusado de cometer esse crime. Em 2023, a ex-mulher dele, Janinne Jasem, buscou a Pol\u00edcia Civil para denunciar um plano de Molina para sequestr\u00e1-la e intern\u00e1-la de forma compuls\u00f3ria.\n<\/p>\n<p>Ela revelou que sofria agress\u00f5es, insultos devido \u00e0 sua religi\u00e3o e reportou que o ex-companheiro chegou a tentar estrangular o cachorro dela, Louis. Janinne conseguiu uma medida protetiva contra o ex-parceiro.\n<\/p>\n<p>Fonte: Pleno News              <\/p>\n<\/div>\n<p><br \/>\n<br \/><a href=\"https:\/\/diariodobrasilnoticias.com.br\/noticia\/perito-molina-briga-com-parceira-quebra-objetos-e-poe-fogo-na-casa-67cebdb6bc9bd\">Source link <\/a><\/p>","protected":false},"excerpt":{"rendered":"<p>Ricardo Molina de Figueiredo, perito de 73 anos e ex-professor da Unicamp, voltou a se envolver em um caso de viol\u00eancia dom\u00e9stica, desta vez com a atual companheira, de 45&hellip;<\/p>","protected":false},"author":1,"featured_media":109790,"comment_status":"closed","ping_status":"open","sticky":false,"template":"","format":"standard","meta":{"content-type":"","footnotes":""},"categories":[16],"tags":[123,2448,5313,1267],"class_list":["post-109789","post","type-post","status-publish","format-standard","has-post-thumbnail","hentry","category-noticias","tag-brasil","tag-diario","tag-noticia","tag-noticias"],"_links":{"self":[{"href":"https:\/\/tvbrazilusa.com\/pt\/wp-json\/wp\/v2\/posts\/109789","targetHints":{"allow":["GET"]}}],"collection":[{"href":"https:\/\/tvbrazilusa.com\/pt\/wp-json\/wp\/v2\/posts"}],"about":[{"href":"https:\/\/tvbrazilusa.com\/pt\/wp-json\/wp\/v2\/types\/post"}],"author":[{"embeddable":true,"href":"https:\/\/tvbrazilusa.com\/pt\/wp-json\/wp\/v2\/users\/1"}],"replies":[{"embeddable":true,"href":"https:\/\/tvbrazilusa.com\/pt\/wp-json\/wp\/v2\/comments?post=109789"}],"version-history":[{"count":1,"href":"https:\/\/tvbrazilusa.com\/pt\/wp-json\/wp\/v2\/posts\/109789\/revisions"}],"predecessor-version":[{"id":109791,"href":"https:\/\/tvbrazilusa.com\/pt\/wp-json\/wp\/v2\/posts\/109789\/revisions\/109791"}],"wp:featuredmedia":[{"embeddable":true,"href":"https:\/\/tvbrazilusa.com\/pt\/wp-json\/wp\/v2\/media\/109790"}],"wp:attachment":[{"href":"https:\/\/tvbrazilusa.com\/pt\/wp-json\/wp\/v2\/media?parent=109789"}],"wp:term":[{"taxonomy":"category","embeddable":true,"href":"https:\/\/tvbrazilusa.com\/pt\/wp-json\/wp\/v2\/categories?post=109789"},{"taxonomy":"post_tag","embeddable":true,"href":"https:\/\/tvbrazilusa.com\/pt\/wp-json\/wp\/v2\/tags?post=109789"}],"curies":[{"name":"wp","href":"https:\/\/api.w.org\/{rel}","templated":true}]}}