{"id":109801,"date":"2025-03-10T11:23:40","date_gmt":"2025-03-10T11:23:40","guid":{"rendered":"https:\/\/tvbrazilusa.com\/2025\/03\/10\/cabrito-nasce-sem-pelos-e-chama-a-atencao-de-fazendeiros\/"},"modified":"2025-03-10T11:23:41","modified_gmt":"2025-03-10T11:23:41","slug":"cabrito-nasce-sem-pelos-e-chama-a-atencao-de-fazendeiros","status":"publish","type":"post","link":"https:\/\/tvbrazilusa.com\/pt\/2025\/03\/10\/cabrito-nasce-sem-pelos-e-chama-a-atencao-de-fazendeiros\/","title":{"rendered":"Cabrito nasce sem pelos e chama a aten\u00e7\u00e3o de fazendeiros"},"content":{"rendered":"<p> <script async src=\"https:\/\/pagead2.googlesyndication.com\/pagead\/js\/adsbygoogle.js?client=ca-pub-8864793242727901\"\r\n     crossorigin=\"anonymous\"><\/script><br \/>\n<\/p>\n<div id=\"taboola-read-more\" style=\"display:block; width:100%\">\n<p>Um cabrito chamou a aten\u00e7\u00e3o no interior do Rio Grande do Norte ao nascer sem nenhum pelo no corpo. O fato aconteceu na Agrovila Palmares, na zona rural de Apodi.\n<\/p>\n<p>O animal nasceu na \u00faltima quarta-feira (5). Segundo o cirurgi\u00e3o veterin\u00e1rio Von Klein, o animal tem uma condi\u00e7\u00e3o chamada alopecia, que representa a aus\u00eancia dos pelos no corpo.<\/p>\n<p>&#8220;\u00c9 raro para essa caracter\u00edstica de esp\u00e9cie animal&#8221;, garantiu.\n<\/p>\n<p>A dona do animal, J\u00falia Xavier, se surpreendeu ao ver o cabrito assim que nasceu. Ela disse, no entanto, que a condi\u00e7\u00e3o n\u00e3o tem o afetado nesses primeiros dias de vida.\n<\/p>\n<p>&#8220;Ele \u00e9 o &#8216;Mimoso&#8217;, j\u00e1 dei esse nome a ele. \u00c9 muito esperto, sabido, corre, come bem, mama muito&#8221;, contou.\n<\/p>\n<p>O que pode ter ocorrido<br \/>Segundo o veterin\u00e1rio Von Klein, tr\u00eas fatores podem contribuir para essa condi\u00e7\u00e3o: nutri\u00e7\u00e3o da m\u00e3e durante a gesta\u00e7\u00e3o, anomalia gen\u00e9tica ou um dist\u00farbio metab\u00f3lico generalizado.\n<\/p>\n<p>Pela condi\u00e7\u00e3o, portanto, a alimenta\u00e7\u00e3o do cabrito precisa ser mais refor\u00e7ada para ele se desenvolver sem problemas.\n<\/p>\n<p>Cuidados com pele e nutri\u00e7\u00e3o<br \/>O veterin\u00e1rio apontou que \u00e9 importante um cuidado especial com a pele do animal, j\u00e1 que ele n\u00e3o possui pelos para prote\u00e7\u00e3o do sol, inclusive com a possibilidade de uso de protetores solares, principalmente pelo clima predominante em Apodi.\n<\/p>\n<p>Segundo Von Klein, com alguns cuidados, o animal pode viver sem maiores problemas e tamb\u00e9m n\u00e3o ter\u00e1 impedimentos em caso de abatimento &#8211; algo comum com esses animais para o sustento ou subsist\u00eancia de fam\u00edlias no interior do estado.\n<\/p>\n<p>Ele disse que \u00e9 importante &#8220;procurar o veterin\u00e1rio tanto para o animal que nasceu, como para que a m\u00e3e tenha uma avalia\u00e7\u00e3o completa dessa necessidade&#8221;\n<\/p>\n<p>Com informa\u00e7\u00f5es de g1 RN              <\/p>\n<\/div>\n<p><br \/>\n<br \/><a href=\"https:\/\/diariodobrasilnoticias.com.br\/noticia\/cabrito-nasce-sem-pelos-e-chama-a-atencao-de-fazendeiros-67ceca0f2de2b\">Source link <\/a><\/p>","protected":false},"excerpt":{"rendered":"<p>Um cabrito chamou a aten\u00e7\u00e3o no interior do Rio Grande do Norte ao nascer sem nenhum pelo no corpo. O fato aconteceu na Agrovila Palmares, na zona rural de Apodi.&hellip;<\/p>","protected":false},"author":1,"featured_media":109802,"comment_status":"closed","ping_status":"open","sticky":false,"template":"","format":"standard","meta":{"content-type":"","footnotes":""},"categories":[16],"tags":[123,2448,5313,1267],"class_list":["post-109801","post","type-post","status-publish","format-standard","has-post-thumbnail","hentry","category-noticias","tag-brasil","tag-diario","tag-noticia","tag-noticias"],"_links":{"self":[{"href":"https:\/\/tvbrazilusa.com\/pt\/wp-json\/wp\/v2\/posts\/109801","targetHints":{"allow":["GET"]}}],"collection":[{"href":"https:\/\/tvbrazilusa.com\/pt\/wp-json\/wp\/v2\/posts"}],"about":[{"href":"https:\/\/tvbrazilusa.com\/pt\/wp-json\/wp\/v2\/types\/post"}],"author":[{"embeddable":true,"href":"https:\/\/tvbrazilusa.com\/pt\/wp-json\/wp\/v2\/users\/1"}],"replies":[{"embeddable":true,"href":"https:\/\/tvbrazilusa.com\/pt\/wp-json\/wp\/v2\/comments?post=109801"}],"version-history":[{"count":1,"href":"https:\/\/tvbrazilusa.com\/pt\/wp-json\/wp\/v2\/posts\/109801\/revisions"}],"predecessor-version":[{"id":109803,"href":"https:\/\/tvbrazilusa.com\/pt\/wp-json\/wp\/v2\/posts\/109801\/revisions\/109803"}],"wp:featuredmedia":[{"embeddable":true,"href":"https:\/\/tvbrazilusa.com\/pt\/wp-json\/wp\/v2\/media\/109802"}],"wp:attachment":[{"href":"https:\/\/tvbrazilusa.com\/pt\/wp-json\/wp\/v2\/media?parent=109801"}],"wp:term":[{"taxonomy":"category","embeddable":true,"href":"https:\/\/tvbrazilusa.com\/pt\/wp-json\/wp\/v2\/categories?post=109801"},{"taxonomy":"post_tag","embeddable":true,"href":"https:\/\/tvbrazilusa.com\/pt\/wp-json\/wp\/v2\/tags?post=109801"}],"curies":[{"name":"wp","href":"https:\/\/api.w.org\/{rel}","templated":true}]}}