{"id":109804,"date":"2025-03-10T11:38:42","date_gmt":"2025-03-10T11:38:42","guid":{"rendered":"https:\/\/tvbrazilusa.com\/2025\/03\/10\/presidente-da-oab-rj-aponta-inconsistencias-do-stf-no-julgamento-de-bolsonaro\/"},"modified":"2025-03-10T11:38:45","modified_gmt":"2025-03-10T11:38:45","slug":"presidente-da-oab-rj-aponta-inconsistencias-do-stf-no-julgamento-de-bolsonaro","status":"publish","type":"post","link":"https:\/\/tvbrazilusa.com\/pt\/2025\/03\/10\/presidente-da-oab-rj-aponta-inconsistencias-do-stf-no-julgamento-de-bolsonaro\/","title":{"rendered":"Presidente da OAB-RJ aponta inconsist\u00eancias do STF no julgamento de Bolsonaro"},"content":{"rendered":"<p> <script async src=\"https:\/\/pagead2.googlesyndication.com\/pagead\/js\/adsbygoogle.js?client=ca-pub-8864793242727901\"\r\n     crossorigin=\"anonymous\"><\/script><br \/>\n<\/p>\n<div>\n<figure class=\"post-image\">\n<\/figure>\n<p>            <span style=\"font-size: 12px\">Foto: Reprodu\u00e7\u00e3o\/X<\/span><\/p>\n<p>            <!-- end metas --><br \/>\n            <!-- ADS --><\/p>\n<div id=\"taboola-read-more\" style=\"display:block; width:100%\">\n<p>A presidente da OAB-RJ, Ana Tereza Bas\u00edlio, criticou o que chamou de \u201cincogru\u00eancia\u201d do Supremo Tribunal Federal (STF) no julgamento do ex-presidente Jair Bolsonaro por uma suposta tentativa de golpe de Estado.\n<\/p>\n<p>A advogada se pronunciou em sua conta no Facebook, onde defendeu que o devido processo legal \u201cdeveria ser respeitado, independente da corrente ideol\u00f3gica dos r\u00e9us\u201d.<\/p>\n<p>Na publica\u00e7\u00e3o, Bas\u00edlio argumentou que n\u00e3o h\u00e1 fundamento para que o caso seja julgado separadamente pela Primeira Turma do STF, visto que os r\u00e9us respondem a uma a\u00e7\u00e3o sobre o mesmo tema no plen\u00e1rio da Corte.\n<\/p>\n<p>A presidente da OAB-RJ declarou que os ministros deveriam \u201ccorrigir essa incogru\u00eancia\u201d no processo envolvendo o ex-presidente.\n<\/p>\n<p>O posicionamento veio em resposta a uma mat\u00e9ria que tratava do pedido de Bolsonaro para que o julgamento ocorresse no plen\u00e1rio do STF. O ex-presidente tamb\u00e9m se manifestou sobre a falta de acesso aos autos do processo.\n<\/p>\n<p>O senador Fl\u00e1vio Bolsonaro compartilhou o posicionamento da advogada em seu perfil na rede social X, e a elogiou pela \u201csensatez\u201d de seus argumentos.\n<\/p>\n<p>\u201cFico feliz por ter se posicionado publicamente sobre as atrocidades jur\u00eddicas em execu\u00e7\u00e3o contra Bolsonaro, espero que outros presidentes de OAB dos Estados sigam seu exemplo, antes que seja tarde demais para resgatar a nossa democracia\u201d, afirmou.\n<\/p>\n<blockquote class=\"twitter-tweet\" data-media-max-width=\"560\">\n<p dir=\"ltr\" lang=\"pt\">Obrigado e parab\u00e9ns pela sensatez, Ana Tereza Bas\u00edlio, Presidente da <a href=\"https:\/\/twitter.com\/OABRJ_oficial?ref_src=twsrc%5Etfw\">@OABRJ_oficial<\/a> !<br \/>Fico feliz por ter se posicionado publicamente sobre as atrocidades jur\u00eddicas em execu\u00e7\u00e3o contra Bolsonaro, espero que outros presidentes de OAB dos Estados sigam seu exemplo, antes que seja\u2026 <a href=\"https:\/\/t.co\/8tu958VLze\">pic.twitter.com\/8tu958VLze<\/a><br \/>\n\u2014 Flavio Bolsonaro (@FlavioBolsonaro) <a href=\"https:\/\/twitter.com\/FlavioBolsonaro\/status\/1898087563140714586?ref_src=twsrc%5Etfw\">March 7, 2025<\/a><\/p>\n<\/blockquote>\n<\/div>\n<p>Postagem gerou discuss\u00e3o sobe julgamento de Bolsonaro<br \/>A declara\u00e7\u00e3o da presidente da OAB-RJ gerou debate na pr\u00f3pria publica\u00e7\u00e3o do Facebook, envolvendo especialistas do meio jur\u00eddico.\n<\/p>\n<p>Alguns cr\u00edticos alegaram que Bas\u00edlio estaria \u201ctomando partido\u201d em suas declara\u00e7\u00f5es, enquanto outros afirmaram que sua an\u00e1lise era estritamente t\u00e9cnica sobre o andamento do julgamento.\n<\/p>\n<p>\u201cLament\u00e1vel que uma colega desconhe\u00e7a a mudan\u00e7a no regimento do STF ocorrida j\u00e1 algum tempo!\u201d, comentou um advogado. \u201cAlterar a regra do jogo com este em andamento \u00e9 n\u00e3o se observar o devido processo legal! A OAB n\u00e3o pode tomar partido, h\u00e1 de ser observado o devido processo legal, norma regimental!\u201d\n<\/p>\n<p>Outro usu\u00e1rio, identificado como advogado criminalista, disse: \u201cEu n\u00e3o esperava uma posi\u00e7\u00e3o dessa da Sra. Presidenta, no fundo a inten\u00e7\u00e3o \u00e9 defender uma ditadura\u201d.\n<\/p>\n<p>Por outro lado, um dos perfis defendeu que a advogada agiu com \u201cseriedade e responsabilidade, sem distorcer os fatos ou ignorar princ\u00edpios fundamentais do ordenamento jur\u00eddico, apontando um aspecto t\u00e9cnico do julgamento: a necessidade de coer\u00eancia na distribui\u00e7\u00e3o dos processos\u201d.\n<\/p>\n<p>Em resposta a um dos coment\u00e1rios, a presidente da OAB-RJ reiterou sua defesa do \u201crespeito ao devido processo legal\u201d.\n<\/p>\n<p>\u201c\u00c9 a maior garantia de que os processos ser\u00e3o regulares\u201d, escreveu. \u201cPouco importa o resultado; o que importa \u00e9 permitir sempre o direito de defesa e seguir as regras processuais! N\u00f3s advogados precisamos do respeito a essas regras para podermos trabalhar, seja quem for o r\u00e9u.\u201d\n<\/p>\n<p>Fonte: Revista Oeste              <\/p>\n<\/div>\n<p><script async src=\"\/\/platform.twitter.com\/widgets.js\" charset=\"utf-8\"><\/script><br \/>\n<br \/><br \/>\n<br \/><a href=\"https:\/\/diariodobrasilnoticias.com.br\/noticia\/presidente-da-oab-rj-aponta-inconsistencias-do-stf-no-julgamento-de-bolsonaro-67cebcd2dfa61\">Source link <\/a><\/p>","protected":false},"excerpt":{"rendered":"<p>Foto: Reprodu\u00e7\u00e3o\/X A presidente da OAB-RJ, Ana Tereza Bas\u00edlio, criticou o que chamou de \u201cincogru\u00eancia\u201d do Supremo Tribunal Federal (STF) no julgamento do ex-presidente Jair Bolsonaro por uma suposta tentativa&hellip;<\/p>","protected":false},"author":1,"featured_media":109805,"comment_status":"closed","ping_status":"open","sticky":false,"template":"","format":"standard","meta":{"content-type":"","footnotes":""},"categories":[16],"tags":[123,2448,5313,1267],"class_list":["post-109804","post","type-post","status-publish","format-standard","has-post-thumbnail","hentry","category-noticias","tag-brasil","tag-diario","tag-noticia","tag-noticias"],"_links":{"self":[{"href":"https:\/\/tvbrazilusa.com\/pt\/wp-json\/wp\/v2\/posts\/109804","targetHints":{"allow":["GET"]}}],"collection":[{"href":"https:\/\/tvbrazilusa.com\/pt\/wp-json\/wp\/v2\/posts"}],"about":[{"href":"https:\/\/tvbrazilusa.com\/pt\/wp-json\/wp\/v2\/types\/post"}],"author":[{"embeddable":true,"href":"https:\/\/tvbrazilusa.com\/pt\/wp-json\/wp\/v2\/users\/1"}],"replies":[{"embeddable":true,"href":"https:\/\/tvbrazilusa.com\/pt\/wp-json\/wp\/v2\/comments?post=109804"}],"version-history":[{"count":1,"href":"https:\/\/tvbrazilusa.com\/pt\/wp-json\/wp\/v2\/posts\/109804\/revisions"}],"predecessor-version":[{"id":109806,"href":"https:\/\/tvbrazilusa.com\/pt\/wp-json\/wp\/v2\/posts\/109804\/revisions\/109806"}],"wp:featuredmedia":[{"embeddable":true,"href":"https:\/\/tvbrazilusa.com\/pt\/wp-json\/wp\/v2\/media\/109805"}],"wp:attachment":[{"href":"https:\/\/tvbrazilusa.com\/pt\/wp-json\/wp\/v2\/media?parent=109804"}],"wp:term":[{"taxonomy":"category","embeddable":true,"href":"https:\/\/tvbrazilusa.com\/pt\/wp-json\/wp\/v2\/categories?post=109804"},{"taxonomy":"post_tag","embeddable":true,"href":"https:\/\/tvbrazilusa.com\/pt\/wp-json\/wp\/v2\/tags?post=109804"}],"curies":[{"name":"wp","href":"https:\/\/api.w.org\/{rel}","templated":true}]}}