{"id":109822,"date":"2025-03-10T12:51:12","date_gmt":"2025-03-10T12:51:12","guid":{"rendered":"https:\/\/tvbrazilusa.com\/2025\/03\/10\/caso-vitoria-pai-da-jovem-e-incluido-na-lista-de-suspeitos-do-crime\/"},"modified":"2025-03-10T12:51:15","modified_gmt":"2025-03-10T12:51:15","slug":"caso-vitoria-pai-da-jovem-e-incluido-na-lista-de-suspeitos-do-crime","status":"publish","type":"post","link":"https:\/\/tvbrazilusa.com\/pt\/2025\/03\/10\/caso-vitoria-pai-da-jovem-e-incluido-na-lista-de-suspeitos-do-crime\/","title":{"rendered":"Caso Vit\u00f3ria: pai da jovem \u00e9 inclu\u00eddo na lista de suspeitos do crime"},"content":{"rendered":"<p> <script async src=\"https:\/\/pagead2.googlesyndication.com\/pagead\/js\/adsbygoogle.js?client=ca-pub-8864793242727901\"\r\n     crossorigin=\"anonymous\"><\/script><br \/>\n<\/p>\n<div>\n<figure class=\"post-image\">\n<\/figure>\n<p>            <span style=\"font-size: 12px\">Reprodu\u00e7\u00e3o<\/span><\/p>\n<p>            <!-- end metas --><br \/>\n            <!-- ADS --><\/p>\n<div id=\"taboola-read-more\" style=\"display:block; width:100%\">\n<p>Uma reviravolta importante na investiga\u00e7\u00e3o da morte da menina Vit\u00f3ria Regina de Sousa colocou o pai da garota como um dos suspeitos do crime.\n<\/p>\n<p>A informa\u00e7\u00e3o foi confirmada pelos investigadores \u00e0 CNN, que garantem que a decis\u00e3o est\u00e1 baseada nos \u201cmesmos crit\u00e9rios\u201d dos outros suspeitos.<\/p>\n<p>Assim como o pedido de pris\u00e3o de Gustavo Vin\u00edcius Moraes, a fundamenta\u00e7\u00e3o dos investigadores s\u00e3o as in\u00fameras contradi\u00e7\u00f5es apresentadas por Carlos Alberto Souza.\n<\/p>\n<p>A investiga\u00e7\u00e3o cita um \u201ccomportamento estranho\u201d e diz que o pai da jovem pediu um terreno ao prefeito da cidade de Cajamar em um dos primeiros contatos entre os dois logo ap\u00f3s a confirma\u00e7\u00e3o da morte de Vit\u00f3ria.\n<\/p>\n<p>A expectativa da Pol\u00edcia Civil \u00e9 que, ainda nesta semana, possa ouvir testemunhas importantes do caso e esclarecer o real envolvimento de cada um dos investigados.\n<\/p>\n<p>A defesa de Carlos Alberto, por meio do advogado Fabio Costa, informou \u00e0 CNN que vai tentar reverter a situa\u00e7\u00e3o ainda nesta semana, j\u00e1 que acha a decis\u00e3o \u201cabsurda\u201d.\n<\/p>\n<p>O advogado disse que o pai de Vit\u00f3ria nunca foi ouvido formalmente pela pol\u00edcia, por isso n\u00e3o deu detalhes sobre o dia do desaparecimento.\n<\/p>\n<p><strong>CNN<\/strong>              <\/p>\n<\/div>\n<p>                        <!-- Scripts para conteudo --><\/p>\n<p>            <!-- .\/Scripts para conteudo --><br \/>\n            <!-- .\/Mat\u00e9ria --><\/p>\n<div class=\"row mt-3\">\n<div class=\"col-sm-6\">\n                <!-- Whatsapp channel 3--><br \/>\n                <a href=\"https:\/\/chat.whatsapp.com\/B8Qy6Erx4kb6yTzj3kaDco\" target=\"_blank\"><br \/>\n                  <img decoding=\"async\" src=\"https:\/\/diariodobrasilnoticias.com.br\/assets-site\/images\/bot_whatsapp.png\"\/><\/a>\n              <\/div>\n<div class=\"col-sm-6\">\n                <a href=\"https:\/\/t.me\/+_4gTmi5LKo03OTM5\" target=\"_blank\"><br \/>\n                  <img decoding=\"async\" src=\"https:\/\/diariodobrasilnoticias.com.br\/assets-site\/images\/bot_telegram.png\"\/><\/a>\n              <\/div>\n<\/p><\/div>\n<p>            <!-- end post-navigation --><\/p>\n<p>              <!-- end row --><\/p>\n<p>              <!-- end col-12-->\n                      <\/div>\n<p><br \/>\n<br \/><a href=\"https:\/\/diariodobrasilnoticias.com.br\/noticia\/caso-vitoria-pai-da-jovem-e-incluido-na-lista-de-suspeitos-do-crime-67cedccce9517\">Source link <\/a><\/p>","protected":false},"excerpt":{"rendered":"<p>Reprodu\u00e7\u00e3o Uma reviravolta importante na investiga\u00e7\u00e3o da morte da menina Vit\u00f3ria Regina de Sousa colocou o pai da garota como um dos suspeitos do crime. A informa\u00e7\u00e3o foi confirmada pelos&hellip;<\/p>","protected":false},"author":1,"featured_media":109823,"comment_status":"closed","ping_status":"open","sticky":false,"template":"","format":"standard","meta":{"content-type":"","footnotes":""},"categories":[16],"tags":[123,2448,5313,1267],"class_list":["post-109822","post","type-post","status-publish","format-standard","has-post-thumbnail","hentry","category-noticias","tag-brasil","tag-diario","tag-noticia","tag-noticias"],"_links":{"self":[{"href":"https:\/\/tvbrazilusa.com\/pt\/wp-json\/wp\/v2\/posts\/109822","targetHints":{"allow":["GET"]}}],"collection":[{"href":"https:\/\/tvbrazilusa.com\/pt\/wp-json\/wp\/v2\/posts"}],"about":[{"href":"https:\/\/tvbrazilusa.com\/pt\/wp-json\/wp\/v2\/types\/post"}],"author":[{"embeddable":true,"href":"https:\/\/tvbrazilusa.com\/pt\/wp-json\/wp\/v2\/users\/1"}],"replies":[{"embeddable":true,"href":"https:\/\/tvbrazilusa.com\/pt\/wp-json\/wp\/v2\/comments?post=109822"}],"version-history":[{"count":1,"href":"https:\/\/tvbrazilusa.com\/pt\/wp-json\/wp\/v2\/posts\/109822\/revisions"}],"predecessor-version":[{"id":109824,"href":"https:\/\/tvbrazilusa.com\/pt\/wp-json\/wp\/v2\/posts\/109822\/revisions\/109824"}],"wp:featuredmedia":[{"embeddable":true,"href":"https:\/\/tvbrazilusa.com\/pt\/wp-json\/wp\/v2\/media\/109823"}],"wp:attachment":[{"href":"https:\/\/tvbrazilusa.com\/pt\/wp-json\/wp\/v2\/media?parent=109822"}],"wp:term":[{"taxonomy":"category","embeddable":true,"href":"https:\/\/tvbrazilusa.com\/pt\/wp-json\/wp\/v2\/categories?post=109822"},{"taxonomy":"post_tag","embeddable":true,"href":"https:\/\/tvbrazilusa.com\/pt\/wp-json\/wp\/v2\/tags?post=109822"}],"curies":[{"name":"wp","href":"https:\/\/api.w.org\/{rel}","templated":true}]}}