{"id":109825,"date":"2025-03-10T13:03:22","date_gmt":"2025-03-10T13:03:22","guid":{"rendered":"https:\/\/tvbrazilusa.com\/2025\/03\/10\/racha-interno-no-pt-se-intensifica-em-sete-estados-as-vesperas-da-escolha-de-novos-lideres\/"},"modified":"2025-03-10T13:03:23","modified_gmt":"2025-03-10T13:03:23","slug":"racha-interno-no-pt-se-intensifica-em-sete-estados-as-vesperas-da-escolha-de-novos-lideres","status":"publish","type":"post","link":"https:\/\/tvbrazilusa.com\/pt\/2025\/03\/10\/racha-interno-no-pt-se-intensifica-em-sete-estados-as-vesperas-da-escolha-de-novos-lideres\/","title":{"rendered":"Racha interno no PT se intensifica em sete estados \u00e0s v\u00e9speras da escolha de novos l\u00edderes"},"content":{"rendered":"<p> <script async src=\"https:\/\/pagead2.googlesyndication.com\/pagead\/js\/adsbygoogle.js?client=ca-pub-8864793242727901\"\r\n     crossorigin=\"anonymous\"><\/script><br \/>\n<\/p>\n<div id=\"taboola-read-more\" style=\"display:block; width:100%\">\n<p>A menos de quatro meses para suas elei\u00e7\u00f5es internas, o Partido dos Trabalhadores (PT) enfrenta impasses sobre quem comandar\u00e1 os diret\u00f3rios regionais a partir de julho. Al\u00e9m da ala nacional, para a qual o ex-prefeito de Araraquara, Edinho Silva, se consolida como favorito, os petistas experimentam uma divis\u00e3o mais acentuada em pelo menos sete estados: Rio de Janeiro, S\u00e3o Paulo, Paran\u00e1, Cear\u00e1, Pernambuco, Alagoas e Piau\u00ed.\n<\/p>\n<p>No fim de fevereiro, expirou o primeiro prazo do Processo de Elei\u00e7\u00e3o Direta (PED), referente aos filiados que poder\u00e3o votar ou concorrer. Mas as discuss\u00f5es se acirraram j\u00e1 nesta etapa inicial do processo.<\/p>\n<p>No Rio, o embate ocorre entre o atual vice-presidente nacional, o prefeito de Maric\u00e1, Washington Quaqu\u00e1, e o grupo ligado aos deputados federais Lindbergh Farias e Benedita da Silva. Inicialmente, Quaqu\u00e1 sinalizava apoio ao ex-deputado Fabiano Horta, nome visto com potencial para unificar o partido.\n<\/p>\n<p>Recentemente, no entanto, ele tem indicado a inten\u00e7\u00e3o de lan\u00e7ar seu filho, Diego Zeidan, como candidato. Diego, que pretende concorrer a deputado federal no pr\u00f3ximo ano, poderia fortalecer suas aspira\u00e7\u00f5es pol\u00edticas com essa movimenta\u00e7\u00e3o.\n<\/p>\n<p>O mesmo cen\u00e1rio se repete na capital fluminense, onde Quaqu\u00e1 avalia duas op\u00e7\u00f5es: Alberes Lima, ex-chefe de gabinete de seu filho, e o vereador Niquinho. Por outro lado, a ala mais \u00e0 esquerda apoia a deputada estadual Elika Takimoto, mais alinhada \u00e0 milit\u00e2ncia tradicional.\n<\/p>\n<p><strong>O Globo<\/strong>              <\/p>\n<\/div>\n<p><br \/>\n<br \/><a href=\"https:\/\/diariodobrasilnoticias.com.br\/noticia\/racha-interno-no-pt-se-intensifica-em-sete-estados-as-vesperas-da-escolha-de-novos-lideres-67cec73b3d8f3\">Source link <\/a><\/p>","protected":false},"excerpt":{"rendered":"<p>A menos de quatro meses para suas elei\u00e7\u00f5es internas, o Partido dos Trabalhadores (PT) enfrenta impasses sobre quem comandar\u00e1 os diret\u00f3rios regionais a partir de julho. Al\u00e9m da ala nacional,&hellip;<\/p>","protected":false},"author":1,"featured_media":109826,"comment_status":"closed","ping_status":"open","sticky":false,"template":"","format":"standard","meta":{"content-type":"","footnotes":""},"categories":[16],"tags":[123,2448,5313,1267],"class_list":["post-109825","post","type-post","status-publish","format-standard","has-post-thumbnail","hentry","category-noticias","tag-brasil","tag-diario","tag-noticia","tag-noticias"],"_links":{"self":[{"href":"https:\/\/tvbrazilusa.com\/pt\/wp-json\/wp\/v2\/posts\/109825","targetHints":{"allow":["GET"]}}],"collection":[{"href":"https:\/\/tvbrazilusa.com\/pt\/wp-json\/wp\/v2\/posts"}],"about":[{"href":"https:\/\/tvbrazilusa.com\/pt\/wp-json\/wp\/v2\/types\/post"}],"author":[{"embeddable":true,"href":"https:\/\/tvbrazilusa.com\/pt\/wp-json\/wp\/v2\/users\/1"}],"replies":[{"embeddable":true,"href":"https:\/\/tvbrazilusa.com\/pt\/wp-json\/wp\/v2\/comments?post=109825"}],"version-history":[{"count":1,"href":"https:\/\/tvbrazilusa.com\/pt\/wp-json\/wp\/v2\/posts\/109825\/revisions"}],"predecessor-version":[{"id":109827,"href":"https:\/\/tvbrazilusa.com\/pt\/wp-json\/wp\/v2\/posts\/109825\/revisions\/109827"}],"wp:featuredmedia":[{"embeddable":true,"href":"https:\/\/tvbrazilusa.com\/pt\/wp-json\/wp\/v2\/media\/109826"}],"wp:attachment":[{"href":"https:\/\/tvbrazilusa.com\/pt\/wp-json\/wp\/v2\/media?parent=109825"}],"wp:term":[{"taxonomy":"category","embeddable":true,"href":"https:\/\/tvbrazilusa.com\/pt\/wp-json\/wp\/v2\/categories?post=109825"},{"taxonomy":"post_tag","embeddable":true,"href":"https:\/\/tvbrazilusa.com\/pt\/wp-json\/wp\/v2\/tags?post=109825"}],"curies":[{"name":"wp","href":"https:\/\/api.w.org\/{rel}","templated":true}]}}