{"id":109970,"date":"2025-03-10T22:08:10","date_gmt":"2025-03-10T22:08:10","guid":{"rendered":"https:\/\/tvbrazilusa.com\/2025\/03\/10\/daremos-um-recado-ao-brasil-diz-bolsonaro-sobre-ato-em-copacabana\/"},"modified":"2025-03-10T22:08:11","modified_gmt":"2025-03-10T22:08:11","slug":"daremos-um-recado-ao-brasil-diz-bolsonaro-sobre-ato-em-copacabana","status":"publish","type":"post","link":"https:\/\/tvbrazilusa.com\/pt\/2025\/03\/10\/daremos-um-recado-ao-brasil-diz-bolsonaro-sobre-ato-em-copacabana\/","title":{"rendered":"Daremos um recado ao Brasil, diz Bolsonaro sobre ato em Copacabana"},"content":{"rendered":"<p> <script async src=\"https:\/\/pagead2.googlesyndication.com\/pagead\/js\/adsbygoogle.js?client=ca-pub-8864793242727901\"\r\n     crossorigin=\"anonymous\"><\/script><br \/>\n<\/p>\n<div id=\"taboola-read-more\" style=\"display:block; width:100%\">\n<p>O ex-presidente Jair Bolsonaro (PL) divulgou nesta 2\u00aa feira (10.mar.2025) um novo v\u00eddeo refor\u00e7ando o convite para a manifesta\u00e7\u00e3o em Copacabana, no Rio, no domingo (16.mar). \u201cEst\u00e1 chegando a hora\u201d, disse.\n<\/p>\n<p>\u201cVamos dar um recado para o Brasil e para o mundo. Quem tem que decidir o nosso futuro \u00e9 o povo. E \u00e9 o povo nas ruas\u201d, declarou o antigo chefe do Executivo. Ele disse esperar 1 milh\u00e3o de pessoas no protesto.<\/p>\n<p>Bolsonaro tamb\u00e9m relembrou as reivindica\u00e7\u00f5es da manifesta\u00e7\u00e3o: liberdade de express\u00e3o e pelos \u201cref\u00e9ns\u201d do 8 de Janeiro.\n<\/p>\n<p>Al\u00e9m do ato de Copacabana, os aliados do ex-presidente tamb\u00e9m planejam um outro protesto em S\u00e3o Paulo em 6 de abril.\n<\/p>\n<p>Fonte: Poder 360              <\/p>\n<\/div>\n<p><br \/>\n<br \/><a href=\"https:\/\/diariodobrasilnoticias.com.br\/noticia\/daremos-um-recado-ao-brasil-diz-bolsonaro-sobre-ato-em-copacabana-67cf3dba8f373\">Source link <\/a><\/p>","protected":false},"excerpt":{"rendered":"<p>O ex-presidente Jair Bolsonaro (PL) divulgou nesta 2\u00aa feira (10.mar.2025) um novo v\u00eddeo refor\u00e7ando o convite para a manifesta\u00e7\u00e3o em Copacabana, no Rio, no domingo (16.mar). \u201cEst\u00e1 chegando a hora\u201d,&hellip;<\/p>","protected":false},"author":1,"featured_media":109971,"comment_status":"closed","ping_status":"open","sticky":false,"template":"","format":"standard","meta":{"content-type":"","footnotes":""},"categories":[16],"tags":[123,2448,5313,1267],"class_list":["post-109970","post","type-post","status-publish","format-standard","has-post-thumbnail","hentry","category-noticias","tag-brasil","tag-diario","tag-noticia","tag-noticias"],"_links":{"self":[{"href":"https:\/\/tvbrazilusa.com\/pt\/wp-json\/wp\/v2\/posts\/109970","targetHints":{"allow":["GET"]}}],"collection":[{"href":"https:\/\/tvbrazilusa.com\/pt\/wp-json\/wp\/v2\/posts"}],"about":[{"href":"https:\/\/tvbrazilusa.com\/pt\/wp-json\/wp\/v2\/types\/post"}],"author":[{"embeddable":true,"href":"https:\/\/tvbrazilusa.com\/pt\/wp-json\/wp\/v2\/users\/1"}],"replies":[{"embeddable":true,"href":"https:\/\/tvbrazilusa.com\/pt\/wp-json\/wp\/v2\/comments?post=109970"}],"version-history":[{"count":1,"href":"https:\/\/tvbrazilusa.com\/pt\/wp-json\/wp\/v2\/posts\/109970\/revisions"}],"predecessor-version":[{"id":109972,"href":"https:\/\/tvbrazilusa.com\/pt\/wp-json\/wp\/v2\/posts\/109970\/revisions\/109972"}],"wp:featuredmedia":[{"embeddable":true,"href":"https:\/\/tvbrazilusa.com\/pt\/wp-json\/wp\/v2\/media\/109971"}],"wp:attachment":[{"href":"https:\/\/tvbrazilusa.com\/pt\/wp-json\/wp\/v2\/media?parent=109970"}],"wp:term":[{"taxonomy":"category","embeddable":true,"href":"https:\/\/tvbrazilusa.com\/pt\/wp-json\/wp\/v2\/categories?post=109970"},{"taxonomy":"post_tag","embeddable":true,"href":"https:\/\/tvbrazilusa.com\/pt\/wp-json\/wp\/v2\/tags?post=109970"}],"curies":[{"name":"wp","href":"https:\/\/api.w.org\/{rel}","templated":true}]}}