{"id":109978,"date":"2025-03-10T22:27:30","date_gmt":"2025-03-10T22:27:30","guid":{"rendered":"https:\/\/tvbrazilusa.com\/2025\/03\/10\/a-ccsu-nomeia-o-dr-john-barile-como-reitor-da-escola-de-educacao\/"},"modified":"2025-03-10T22:29:14","modified_gmt":"2025-03-10T22:29:14","slug":"a-ccsu-nomeia-o-dr-john-barile-como-reitor-da-escola-de-educacao","status":"publish","type":"post","link":"https:\/\/tvbrazilusa.com\/pt\/2025\/03\/10\/a-ccsu-nomeia-o-dr-john-barile-como-reitor-da-escola-de-educacao\/","title":{"rendered":"A CCSU nomeia o Dr. John Barile como reitor da Escola de Educa\u00e7\u00e3o"},"content":{"rendered":"<script async src=\"https:\/\/pagead2.googlesyndication.com\/pagead\/js\/adsbygoogle.js?client=ca-pub-8864793242727901\"\r\n     crossorigin=\"anonymous\"><\/script>\n<p>NOVA BRITAIN, Connecticut (WTNH) &#8211; A Central Connecticut State University anunciou segunda -feira a nomea\u00e7\u00e3o do Dr. John Barile como reitor da Escola de Educa\u00e7\u00e3o. <\/p>\n<p>O Dr. Barile, que come\u00e7ar\u00e1 seu mandato em 30 de junho, desempenhou v\u00e1rios cargos nas escolas p\u00fablicas de Connecticut. Ele foi professor, reitor de estudantes, diretor e superintendente em v\u00e1rios distritos, incluindo Milford, Fairfield, Bethany e Brookfield, com sua posi\u00e7\u00e3o mais recente sendo<br \/>Superintendente de Escolas P\u00fablicas de Brookfield.<\/p>\n<div class=\"nlp-ignore-block article-content rich-text\">\n<aside class=\"promo-link\">\n\t<a href=\"https:\/\/www.wtnh.com\/news\/connecticut\/new-haven\/new-haven-middle-schools-go-cell-phone-free\/?ipid=promo-link-block1\" class=\"promo-link__link\"><\/p>\n<p>\t\tAs escolas secund\u00e1rias de New Haven est\u00e3o gratuitamente\t<\/a><br \/>\n<\/aside>\n<\/div>\n<p>&#8220;Estou realmente honrado em me juntar \u00e0 comunidade vibrante da Central Connecticut State University como a<br \/>Novo Decano da Escola de Educa\u00e7\u00e3o &#8220;, disse Barile em comunicado.&#8221; Estou profundamente empolgado em trabalhar ao lado de nosso talentoso corpo docente, estudantes dedicados e parceiros da comunidade para moldar o futuro da educa\u00e7\u00e3o. Na Central, estamos comprometidos em abordar as principais prioridades para aumentar as matr\u00edculas, avan\u00e7ar na prepara\u00e7\u00e3o de professores e l\u00edderes e enfrentar a escassez de professores. Ao promover fortes conex\u00f5es da ind\u00fastria e esfor\u00e7os colaborativos com as outras escolas da Central, garantiremos que nossos graduados estejam preparados para causar um impacto significativo no sistema educacional &#8220;.<\/p>\n<p>Dr. Barile liderou o desenvolvimento do Brookfield, crie sua coer\u00eancia estrat\u00e9gica de amanh\u00e3<br \/>Planeje, garantindo uma vis\u00e3o unificada para o sucesso do aluno. Dr. Barile tamb\u00e9m supervisionou o principal conselho de<br \/>Iniciativas educacionais, incluindo a constru\u00e7\u00e3o de uma nova escola prim\u00e1ria, implementando<br \/>Os hor\u00e1rios de in\u00edcio da escola mais saud\u00e1veis \u200b\u200be os esfor\u00e7os de lan\u00e7a para fechar a lacuna de desempenho dos alunos.<\/p>\n<p>O Dr. Barile recebeu seu doutorado educacional em lideran\u00e7a organizacional do nordeste<br \/>Universidade, sua certifica\u00e7\u00e3o superintendente da Universidade de Connecticut, 6\u00ba ano e<br \/>Certifica\u00e7\u00f5es de lideran\u00e7a educacional, mestrado e bacharel do sul de Connecticut State<br \/>Universidade.<\/p>\n<p><br \/>\n<br \/><a href=\"https:\/\/www.wtnh.com\/news\/connecticut\/hartford\/ccsu-names-dr-john-barile-as-dean-of-school-of-education\/\">Source link <\/a><\/p>","protected":false},"excerpt":{"rendered":"<p>NOVA BRITAIN, Connecticut (WTNH) &#8211; A Central Connecticut State University anunciou segunda -feira a nomea\u00e7\u00e3o do Dr. John Barile como reitor da Escola de Educa\u00e7\u00e3o. O Dr. Barile, que come\u00e7ar\u00e1&hellip;<\/p>","protected":false},"author":1,"featured_media":109979,"comment_status":"closed","ping_status":"open","sticky":false,"template":"","format":"standard","meta":{"content-type":"","footnotes":""},"categories":[1],"tags":[],"class_list":["post-109978","post","type-post","status-publish","format-standard","has-post-thumbnail","hentry","category-uncategorized"],"_links":{"self":[{"href":"https:\/\/tvbrazilusa.com\/pt\/wp-json\/wp\/v2\/posts\/109978","targetHints":{"allow":["GET"]}}],"collection":[{"href":"https:\/\/tvbrazilusa.com\/pt\/wp-json\/wp\/v2\/posts"}],"about":[{"href":"https:\/\/tvbrazilusa.com\/pt\/wp-json\/wp\/v2\/types\/post"}],"author":[{"embeddable":true,"href":"https:\/\/tvbrazilusa.com\/pt\/wp-json\/wp\/v2\/users\/1"}],"replies":[{"embeddable":true,"href":"https:\/\/tvbrazilusa.com\/pt\/wp-json\/wp\/v2\/comments?post=109978"}],"version-history":[{"count":1,"href":"https:\/\/tvbrazilusa.com\/pt\/wp-json\/wp\/v2\/posts\/109978\/revisions"}],"predecessor-version":[{"id":109980,"href":"https:\/\/tvbrazilusa.com\/pt\/wp-json\/wp\/v2\/posts\/109978\/revisions\/109980"}],"wp:featuredmedia":[{"embeddable":true,"href":"https:\/\/tvbrazilusa.com\/pt\/wp-json\/wp\/v2\/media\/109979"}],"wp:attachment":[{"href":"https:\/\/tvbrazilusa.com\/pt\/wp-json\/wp\/v2\/media?parent=109978"}],"wp:term":[{"taxonomy":"category","embeddable":true,"href":"https:\/\/tvbrazilusa.com\/pt\/wp-json\/wp\/v2\/categories?post=109978"},{"taxonomy":"post_tag","embeddable":true,"href":"https:\/\/tvbrazilusa.com\/pt\/wp-json\/wp\/v2\/tags?post=109978"}],"curies":[{"name":"wp","href":"https:\/\/api.w.org\/{rel}","templated":true}]}}